{"id":97526,"date":"2023-05-08T01:20:26","date_gmt":"2023-05-08T06:20:26","guid":{"rendered":"http:\/\/diariodigitalmx.com\/?p=97526"},"modified":"2023-05-08T01:22:27","modified_gmt":"2023-05-08T06:22:27","slug":"asisten-7500-personas-a-concierto-gratuito-celebrando-a-mama-2023","status":"publish","type":"post","link":"https:\/\/diariodigitalmx.com\/index.php\/2023\/05\/08\/asisten-7500-personas-a-concierto-gratuito-celebrando-a-mama-2023\/","title":{"rendered":"Asisten 7,500 personas a concierto gratuito \u201cCelebrando a mam\u00e1 2023\u201d"},"content":{"rendered":"\n<p>\u25cf El Gobierno municipal organiz\u00f3 en la Plaza Zaragoza la presentaci\u00f3n de los artistas Tania Libertad, Ra\u00fal Di Blasio, Francisco C\u00e9spedes y Susana Zabaleta.<\/p>\n\n\n\n<p>En el marco del D\u00eda de las Madres, el Gobierno de Monterrey celebr\u00f3 a las mam\u00e1s y cuidadoras con un concierto gratuito frente al Palacio Municipal, que disfrutaron m\u00e1s de siete mil 500 asistentes.<\/p>\n\n\n\n<figure class=\"wp-block-image size-large\"><img loading=\"lazy\" decoding=\"async\" width=\"1024\" height=\"1024\" src=\"http:\/\/diariodigitalmx.com\/wp-content\/uploads\/2023\/05\/IMG_20230508_001939_065-1024x1024.webp\" alt=\"\" class=\"wp-image-97533\" srcset=\"https:\/\/diariodigitalmx.com\/wp-content\/uploads\/2023\/05\/IMG_20230508_001939_065-1024x1024.webp 1024w, https:\/\/diariodigitalmx.com\/wp-content\/uploads\/2023\/05\/IMG_20230508_001939_065-300x300.webp 300w, https:\/\/diariodigitalmx.com\/wp-content\/uploads\/2023\/05\/IMG_20230508_001939_065-150x150.webp 150w, https:\/\/diariodigitalmx.com\/wp-content\/uploads\/2023\/05\/IMG_20230508_001939_065-768x768.webp 768w, https:\/\/diariodigitalmx.com\/wp-content\/uploads\/2023\/05\/IMG_20230508_001939_065.webp 1080w\" sizes=\"(max-width: 1024px) 100vw, 1024px\" \/><\/figure>\n\n\n\n<p>\u201cCelebrando a mam\u00e1 2023\u201d cont\u00f3 con servicios de atenci\u00f3n a las infancias en el Museo Metropolitano, con el fin de que las festejadas tuvieran un momento de diversi\u00f3n y esparcimiento sin preocupaciones.<\/p>\n\n\n\n<figure class=\"wp-block-image size-large\"><img loading=\"lazy\" decoding=\"async\" width=\"1024\" height=\"1024\" src=\"http:\/\/diariodigitalmx.com\/wp-content\/uploads\/2023\/05\/IMG_20230508_001939_005-1024x1024.webp\" alt=\"\" class=\"wp-image-97529\" srcset=\"https:\/\/diariodigitalmx.com\/wp-content\/uploads\/2023\/05\/IMG_20230508_001939_005-1024x1024.webp 1024w, https:\/\/diariodigitalmx.com\/wp-content\/uploads\/2023\/05\/IMG_20230508_001939_005-300x300.webp 300w, https:\/\/diariodigitalmx.com\/wp-content\/uploads\/2023\/05\/IMG_20230508_001939_005-150x150.webp 150w, https:\/\/diariodigitalmx.com\/wp-content\/uploads\/2023\/05\/IMG_20230508_001939_005-768x768.webp 768w, https:\/\/diariodigitalmx.com\/wp-content\/uploads\/2023\/05\/IMG_20230508_001939_005.webp 1080w\" sizes=\"(max-width: 1024px) 100vw, 1024px\" \/><\/figure>\n\n\n\n<p>Es la primera vez que, como parte del programa Monterrey Me Cuida, se ofrece el servicio de custodia a ni\u00f1os y ni\u00f1as de 4 a 12 a\u00f1os de edad.<\/p>\n\n\n\n<p>El saldo final del evento fue blanco, no se reportaron incidentes, de acuerdo al informe de la Secretar\u00eda de Seguridad y Protecci\u00f3n a la Ciudadan\u00eda y a la Direcci\u00f3n de Protecci\u00f3n Civil.<\/p>\n\n\n\n<p>El homenaje fue organizado por la Secretar\u00eda de Desarrollo Humano e Igualdad Sustantiva, a trav\u00e9s de la Direcci\u00f3n de Cultura.<\/p>\n\n\n\n<p>Abri\u00f3 la noche la peruana Tania Libertad interpretando sus m\u00e1s grandes \u00e9xitos.<\/p>\n\n\n\n<figure class=\"wp-block-image size-large\"><img loading=\"lazy\" decoding=\"async\" width=\"1024\" height=\"1024\" src=\"http:\/\/diariodigitalmx.com\/wp-content\/uploads\/2023\/05\/IMG_20230508_001938_805-1024x1024.webp\" alt=\"\" class=\"wp-image-97531\" srcset=\"https:\/\/diariodigitalmx.com\/wp-content\/uploads\/2023\/05\/IMG_20230508_001938_805-1024x1024.webp 1024w, https:\/\/diariodigitalmx.com\/wp-content\/uploads\/2023\/05\/IMG_20230508_001938_805-300x300.webp 300w, https:\/\/diariodigitalmx.com\/wp-content\/uploads\/2023\/05\/IMG_20230508_001938_805-150x150.webp 150w, https:\/\/diariodigitalmx.com\/wp-content\/uploads\/2023\/05\/IMG_20230508_001938_805-768x768.webp 768w, https:\/\/diariodigitalmx.com\/wp-content\/uploads\/2023\/05\/IMG_20230508_001938_805.webp 1080w\" sizes=\"(max-width: 1024px) 100vw, 1024px\" \/><\/figure>\n\n\n\n<p>El m\u00fasico argentino, Ra\u00fal Di Blasio, junto con las voces del cubano, Francisco C\u00e9spedes y la norte\u00f1a mexicana oriunda de Monclova, Susana Zabaleta, hicieron gala de sus talentos en el concierto denominado \u201cSe me antoja tu vida\u201d que presentaron en la Plaza Zaragoza para las mam\u00e1s regiomontanas.<\/p>\n\n\n\n<p>Ofrecieron temas populares de todos los tiempos y sus \u00e9xitos personales, dando a la noche un toque rom\u00e1ntico y de encanto.<\/p>\n","protected":false},"excerpt":{"rendered":"<p>\u25cf El Gobierno municipal organiz\u00f3 en la Plaza Zaragoza la presentaci\u00f3n de los artistas Tania Libertad, Ra\u00fal Di Blasio, Francisco C\u00e9spedes y Susana Zabaleta. En el marco del D\u00eda de las Madres, el Gobierno de Monterrey celebr\u00f3 a las mam\u00e1s y cuidadoras con un concierto gratuito frente al Palacio Municipal, que disfrutaron m\u00e1s de siete [&hellip;]<\/p>\n","protected":false},"author":1,"featured_media":97528,"comment_status":"open","ping_status":"open","sticky":true,"template":"","format":"standard","meta":{"footnotes":""},"categories":[14,9],"tags":[],"_links":{"self":[{"href":"https:\/\/diariodigitalmx.com\/index.php\/wp-json\/wp\/v2\/posts\/97526"}],"collection":[{"href":"https:\/\/diariodigitalmx.com\/index.php\/wp-json\/wp\/v2\/posts"}],"about":[{"href":"https:\/\/diariodigitalmx.com\/index.php\/wp-json\/wp\/v2\/types\/post"}],"author":[{"embeddable":true,"href":"https:\/\/diariodigitalmx.com\/index.php\/wp-json\/wp\/v2\/users\/1"}],"replies":[{"embeddable":true,"href":"https:\/\/diariodigitalmx.com\/index.php\/wp-json\/wp\/v2\/comments?post=97526"}],"version-history":[{"count":4,"href":"https:\/\/diariodigitalmx.com\/index.php\/wp-json\/wp\/v2\/posts\/97526\/revisions"}],"predecessor-version":[{"id":97534,"href":"https:\/\/diariodigitalmx.com\/index.php\/wp-json\/wp\/v2\/posts\/97526\/revisions\/97534"}],"wp:featuredmedia":[{"embeddable":true,"href":"https:\/\/diariodigitalmx.com\/index.php\/wp-json\/wp\/v2\/media\/97528"}],"wp:attachment":[{"href":"https:\/\/diariodigitalmx.com\/index.php\/wp-json\/wp\/v2\/media?parent=97526"}],"wp:term":[{"taxonomy":"category","embeddable":true,"href":"https:\/\/diariodigitalmx.com\/index.php\/wp-json\/wp\/v2\/categories?post=97526"},{"taxonomy":"post_tag","embeddable":true,"href":"https:\/\/diariodigitalmx.com\/index.php\/wp-json\/wp\/v2\/tags?post=97526"}],"curies":[{"name":"wp","href":"https:\/\/api.w.org\/{rel}","templated":true}]}}