{"id":97550,"date":"2023-05-08T15:48:19","date_gmt":"2023-05-08T20:48:19","guid":{"rendered":"http:\/\/diariodigitalmx.com\/?p=97550"},"modified":"2023-05-08T15:48:57","modified_gmt":"2023-05-08T20:48:57","slug":"reconoce-hector-garcia-aprobacion-de-congreso-para-velar-por-salud-mental-de-policias","status":"publish","type":"post","link":"https:\/\/diariodigitalmx.com\/index.php\/2023\/05\/08\/reconoce-hector-garcia-aprobacion-de-congreso-para-velar-por-salud-mental-de-policias\/","title":{"rendered":"Reconoce H\u00e9ctor Garc\u00eda aprobaci\u00f3n de Congreso para velar por salud mental de polic\u00edas"},"content":{"rendered":"\n<p>El Congreso de Nuevo Le\u00f3n aprob\u00f3 una iniciativa en la que se impulsa la atenci\u00f3n a la salud mental de los polic\u00edas del Estado, la cual fue promovida por el Diputado local de Movimiento Ciudadano, H\u00e9ctor Garc\u00eda.<\/p>\n\n\n\n<p>Con esta propuesta de reforma a la Ley de Seguridad P\u00fablica estatal, el Estado deber\u00e1 implementar las acciones necesarias dentro de las instituciones policiales y dependencias encargadas de la seguridad p\u00fablica para garantizar que sus integrantes reciban de manera inmediata y por parte de personal especializado, atenci\u00f3n y apoyo psicol\u00f3gico.<\/p>\n\n\n\n<p>De esta manera se busca garantizar el pleno respeto a su dignidad como seres humanos, cuando a consecuencia del desempe\u00f1o de sus funciones, est\u00e9 en riesgo su vida o su integridad f\u00edsica y psicol\u00f3gica.<\/p>\n\n\n\n<p>\u201cLos elementos de las Instituciones Policiales se enfrentan de manera diaria a situaciones que pueden desencadenar un episodio o serie de episodios estresantes, en la que tienen que tomar decisiones apremiantes que repercuten de manera inmediata en la seguridad y salvaguarda de las y los ciudadanos\u201d, dijo el legislador emecista.<\/p>\n\n\n\n<p>\u201cEllos toman decisiones que pueden costar la vida a un individuo lo cual sin duda alguna es estresante, lo que puede llegar a considerarse como un evento traum\u00e1tico\u201d.<\/p>\n\n\n\n<p>Para dar este tipo de atenci\u00f3n, se promueve la creaci\u00f3n de la Unidad de Atenci\u00f3n F\u00edsica y Psicol\u00f3gica Integral, la cual depender\u00e1 de la Secretar\u00eda de Seguridad P\u00fablica del Estado.<\/p>\n\n\n\n<p>A trav\u00e9s de dicha Unidad, se dar\u00e1 atenci\u00f3n, prevenci\u00f3n, diagn\u00f3stico, tratamiento, mejoramiento, as\u00ed como el seguimiento de la salud f\u00edsica y mental.<\/p>\n","protected":false},"excerpt":{"rendered":"<p>El Congreso de Nuevo Le\u00f3n aprob\u00f3 una iniciativa en la que se impulsa la atenci\u00f3n a la salud mental de los polic\u00edas del Estado, la cual fue promovida por el Diputado local de Movimiento Ciudadano, H\u00e9ctor Garc\u00eda. Con esta propuesta de reforma a la Ley de Seguridad P\u00fablica estatal, el Estado deber\u00e1 implementar las acciones [&hellip;]<\/p>\n","protected":false},"author":1,"featured_media":97552,"comment_status":"open","ping_status":"open","sticky":true,"template":"","format":"standard","meta":{"footnotes":""},"categories":[14,6],"tags":[],"_links":{"self":[{"href":"https:\/\/diariodigitalmx.com\/index.php\/wp-json\/wp\/v2\/posts\/97550"}],"collection":[{"href":"https:\/\/diariodigitalmx.com\/index.php\/wp-json\/wp\/v2\/posts"}],"about":[{"href":"https:\/\/diariodigitalmx.com\/index.php\/wp-json\/wp\/v2\/types\/post"}],"author":[{"embeddable":true,"href":"https:\/\/diariodigitalmx.com\/index.php\/wp-json\/wp\/v2\/users\/1"}],"replies":[{"embeddable":true,"href":"https:\/\/diariodigitalmx.com\/index.php\/wp-json\/wp\/v2\/comments?post=97550"}],"version-history":[{"count":1,"href":"https:\/\/diariodigitalmx.com\/index.php\/wp-json\/wp\/v2\/posts\/97550\/revisions"}],"predecessor-version":[{"id":97551,"href":"https:\/\/diariodigitalmx.com\/index.php\/wp-json\/wp\/v2\/posts\/97550\/revisions\/97551"}],"wp:featuredmedia":[{"embeddable":true,"href":"https:\/\/diariodigitalmx.com\/index.php\/wp-json\/wp\/v2\/media\/97552"}],"wp:attachment":[{"href":"https:\/\/diariodigitalmx.com\/index.php\/wp-json\/wp\/v2\/media?parent=97550"}],"wp:term":[{"taxonomy":"category","embeddable":true,"href":"https:\/\/diariodigitalmx.com\/index.php\/wp-json\/wp\/v2\/categories?post=97550"},{"taxonomy":"post_tag","embeddable":true,"href":"https:\/\/diariodigitalmx.com\/index.php\/wp-json\/wp\/v2\/tags?post=97550"}],"curies":[{"name":"wp","href":"https:\/\/api.w.org\/{rel}","templated":true}]}}