{"id":9758,"date":"2019-08-13T06:15:25","date_gmt":"2019-08-13T11:15:25","guid":{"rendered":"http:\/\/diariodigitalmx.com\/?p=9758"},"modified":"2019-08-13T06:15:26","modified_gmt":"2019-08-13T11:15:26","slug":"todos-estan-embarrados","status":"publish","type":"post","link":"https:\/\/diariodigitalmx.com\/index.php\/2019\/08\/13\/todos-estan-embarrados\/","title":{"rendered":"&#8220;Todos est\u00e1n embarrados&#8221;"},"content":{"rendered":"\n<p>Por Salvador Hern\u00e1ndez LANDEROS<\/p>\n\n\n\n<p>El alcalde de Apodaca, C\u00e9sar Garza Villarreal, en lo oscurito y a espaladas del<\/p>\n\n\n\n<p>pueblo, traicion\u00f3 la confianza que le brindaron para gobernar con armon\u00eda.<\/p>\n\n\n\n<p>El Fiscal General del Estado, Adolfo Guerrero, no es la pureza que pregona.&nbsp;<\/p>\n\n\n\n<p>Opta por los arreglos torcidos antes que la aplicaci\u00f3n misma de la Justicia.<\/p>\n\n\n\n<p>El director de la Agencia Estatal de Investigaciones, Esteban Cant\u00fa, pierde&nbsp;<\/p>\n\n\n\n<p>postura y se convierte en una vil tapadera de sus agentes \u201cbuenos para nada\u201d.<\/p>\n\n\n\n<p>A los tres; el alcalde, el fiscal y el jefe investigador, les vali\u00f3 la entrega y valor&nbsp;<\/p>\n\n\n\n<p>del Comit\u00e9 que se re\u00fane en Palacio para dar seguridad a los ciudadanos.<\/p>\n\n\n\n<p>Y para colmo, contaron con la complicidad del peri\u00f3dico El Norte, quien se&nbsp;<\/p>\n\n\n\n<p>proclama como el palad\u00edn de la verdad. \u00bfO nada m\u00e1s la que le conviene?<\/p>\n\n\n\n<p>Hace diez d\u00edas la columna pol\u00edtica Makiavelo public\u00f3 lo que sigue: Lean bien.<\/p>\n\n\n\n<p>1.- \u201cEn c\u00edrculos policiales se\u00f1alaron ayer (jueves 2 de agosto del 2019) que&nbsp;<\/p>\n\n\n\n<p>la ola delictiva que mantienen alerta roja al corredor Cadereyta-Villa Ju\u00e1rez,<\/p>\n\n\n\n<p>le empez\u00f3 a llegar a Apodaca\u201d.<\/p>\n\n\n\n<p>2.- \u201cNo se lo digan a nadie, pero cuentan que el alcalde C\u00e9sar tuvo un fuerte&nbsp;<\/p>\n\n\n\n<p>estira y afloja con la Fiscal\u00eda General del Estado y exigi\u00f3 qu\u00e9 relevaran a&nbsp;<\/p>\n\n\n\n<p>todos los elementos, entre comandantes y agentes, de la polic\u00eda ministerial&nbsp;<\/p>\n\n\n\n<p>que operaba en se municipio.<\/p>\n\n\n\n<p>1.- \u201cSeg\u00fan esto, tras varias horas de tensi\u00f3n, el jefe de la AEI, Esteban Cant\u00fa,&nbsp;<\/p>\n\n\n\n<p>orden\u00f3 el cambio del personal estatal\u201d.<\/p>\n\n\n\n<p>2.- \u201cLa petici\u00f3n de Garza se habr\u00eda dado tras algunos hechos violentos que le&nbsp;<\/p>\n\n\n\n<p>han pegado a Apodaca en estos d\u00edas y en los que los ministeriales de plano no&nbsp;<\/p>\n\n\n\n<p>sacaron la bola del cuadro en las investigaciones\u201d.<\/p>\n\n\n\n<p>\u00bfLeyeron bien?&#8230; El alcalde exige, por sus pistolas, que le quiten a todos los&nbsp;<\/p>\n\n\n\n<p>ministeriales, en lugar de denunciarlos ante sus ciudadanos. \u00bfEs Omnipotente?<\/p>\n\n\n\n<p>El Fiscal y su jefe policial, como son aut\u00f3nomos y no dependen del Gobernador,&nbsp;<\/p>\n\n\n\n<p>tensionados cambian a ministeriales y comandantes para \u201caplacar el grito\u201d.<\/p>\n\n\n\n<p>La verdad, si hubiera, al menos, un diputado inteligente y conocedor de Leyes,&nbsp;<\/p>\n\n\n\n<p>(De la comisi\u00f3n de Justicia y Seguridad) se llenar\u00eda de Gloria con este caso.<\/p>\n\n\n\n<p>Todos est\u00e1n embarrados. Podr\u00edan comparecer ante el Congreso y transparentar<\/p>\n\n\n\n<p>lo que contienen los p\u00e1rrafos. Corrupci\u00f3n, incapacidad, abuso, omisi\u00f3n y otros.<\/p>\n\n\n\n<p>Esto muestra que vivimos en un Estado fallido. En un Nuevo Le\u00f3n donde al&nbsp;<\/p>\n\n\n\n<p>Gobernador, ni siquiera es tomado en cuenta por un alcalde, o un fiscal general.<\/p>\n\n\n\n<p>As\u00ed de f\u00e1cil\u2026as\u00ed de ignorado.<\/p>\n\n\n\n<p>chavalolanderos@yahoo.com.mx<\/p>\n","protected":false},"excerpt":{"rendered":"<p>Por Salvador Hern\u00e1ndez LANDEROS El alcalde de Apodaca, C\u00e9sar Garza Villarreal, en lo oscurito y a espaladas del pueblo, traicion\u00f3 la confianza que le brindaron para gobernar con armon\u00eda. El Fiscal General del Estado, Adolfo Guerrero, no es la pureza que pregona.&nbsp; Opta por los arreglos torcidos antes que la aplicaci\u00f3n misma de la Justicia. [&hellip;]<\/p>\n","protected":false},"author":1,"featured_media":9365,"comment_status":"open","ping_status":"open","sticky":true,"template":"","format":"standard","meta":{"footnotes":""},"categories":[12],"tags":[],"_links":{"self":[{"href":"https:\/\/diariodigitalmx.com\/index.php\/wp-json\/wp\/v2\/posts\/9758"}],"collection":[{"href":"https:\/\/diariodigitalmx.com\/index.php\/wp-json\/wp\/v2\/posts"}],"about":[{"href":"https:\/\/diariodigitalmx.com\/index.php\/wp-json\/wp\/v2\/types\/post"}],"author":[{"embeddable":true,"href":"https:\/\/diariodigitalmx.com\/index.php\/wp-json\/wp\/v2\/users\/1"}],"replies":[{"embeddable":true,"href":"https:\/\/diariodigitalmx.com\/index.php\/wp-json\/wp\/v2\/comments?post=9758"}],"version-history":[{"count":1,"href":"https:\/\/diariodigitalmx.com\/index.php\/wp-json\/wp\/v2\/posts\/9758\/revisions"}],"predecessor-version":[{"id":9759,"href":"https:\/\/diariodigitalmx.com\/index.php\/wp-json\/wp\/v2\/posts\/9758\/revisions\/9759"}],"wp:featuredmedia":[{"embeddable":true,"href":"https:\/\/diariodigitalmx.com\/index.php\/wp-json\/wp\/v2\/media\/9365"}],"wp:attachment":[{"href":"https:\/\/diariodigitalmx.com\/index.php\/wp-json\/wp\/v2\/media?parent=9758"}],"wp:term":[{"taxonomy":"category","embeddable":true,"href":"https:\/\/diariodigitalmx.com\/index.php\/wp-json\/wp\/v2\/categories?post=9758"},{"taxonomy":"post_tag","embeddable":true,"href":"https:\/\/diariodigitalmx.com\/index.php\/wp-json\/wp\/v2\/tags?post=9758"}],"curies":[{"name":"wp","href":"https:\/\/api.w.org\/{rel}","templated":true}]}}