{"id":9768,"date":"2019-08-13T13:41:02","date_gmt":"2019-08-13T18:41:02","guid":{"rendered":"http:\/\/diariodigitalmx.com\/?p=9768"},"modified":"2019-08-13T13:41:03","modified_gmt":"2019-08-13T18:41:03","slug":"cae-el-pib-turistico-en-el-primer-trimestre-del-ano","status":"publish","type":"post","link":"https:\/\/diariodigitalmx.com\/index.php\/2019\/08\/13\/cae-el-pib-turistico-en-el-primer-trimestre-del-ano\/","title":{"rendered":"Cae el PIB tur\u00edstico en el primer trimestre del a\u00f1o"},"content":{"rendered":"\n<p>Durante el primer trimestre de 2019, el\nIndicador Trimestral del Producto Interno Bruto Tur\u00edstico (ITPIBT) disminuy\u00f3\n0.1 por ciento frente al trimestre previo, cuando no mostr\u00f3 variaci\u00f3n, de\nacuerdo con cifras desestacionalizadas.<\/p>\n\n\n\n<p>El\nInstituto Nacional de Estad\u00edstica y Geograf\u00eda (INEGI) inform\u00f3 que, a su\ninterior, el de los Servicios Tur\u00edsticos descendi\u00f3 0.4 por ciento mientras que\nel de los Bienes creci\u00f3 1.3 por ciento en el primer trimestre del a\u00f1o respecto\nal cuatro trimestres de 2018, con datos desestacionalizados.<\/p>\n\n\n\n<p>En\nsu comparaci\u00f3n anual, el ITPIBT disminuy\u00f3 0.8 por ciento en t\u00e9rminos reales con\ncifras desestacionalizadas en el trimestre enero-marzo de 2019, su primer\nretroceso a tasa anual desde el primer trimestre de 2011.<\/p>\n\n\n\n<p>Por\ncomponentes, el de los Servicios se redujo 0.8 por ciento y el de los Bienes\ndisminuy\u00f3 0.3 por ciento entre enero y marzo de 2019 respecto al mismo periodo\nde 2018, con cifras desestacionalizadas.<\/p>\n\n\n\n<p>A\nsu vez, el Indicador Trimestral del Consumo Tur\u00edstico Interior no mostr\u00f3\nvariaci\u00f3n en el primer trimestre del presente a\u00f1o respecto al trimestre\ninmediato anterior, su segundo trimestre consecutivo con nulo crecimiento.<\/p>\n\n\n\n<p>De\nmanera desagregada, el del Turismo Receptivo aument\u00f3 3.2 por ciento, en tanto\nque el del Turismo Interno retrocedi\u00f3 0.5 por ciento en el primer trimestre del\na\u00f1o en su comparaci\u00f3n trimestral, con datos desestacionalizados.<\/p>\n\n\n\n<p>En\nsu comparaci\u00f3n anual y con datos desestacionalizados, el Indicador Trimestral\ndel Consumo Tur\u00edstico Interior registr\u00f3 una disminuci\u00f3n de 0.6 por ciento\ndurante el trimestre enero-marzo de 2019 respecto a igual trimestre de 2018, su\nprimera ca\u00edda desde el tercer trimestre de 2014.<\/p>\n\n\n\n<p>Por\ncomponentes, el Consumo del Turismo Interno cay\u00f3 2.8 por ciento, en cambio el\ndel Turismo Receptivo se increment\u00f3 9.5 por ciento, a\u00f1adi\u00f3 el organismo en un\nreporte.<\/p>\n","protected":false},"excerpt":{"rendered":"<p>Durante el primer trimestre de 2019, el Indicador Trimestral del Producto Interno Bruto Tur\u00edstico (ITPIBT) disminuy\u00f3 0.1 por ciento frente al trimestre previo, cuando no mostr\u00f3 variaci\u00f3n, de acuerdo con cifras desestacionalizadas. El Instituto Nacional de Estad\u00edstica y Geograf\u00eda (INEGI) inform\u00f3 que, a su interior, el de los Servicios Tur\u00edsticos descendi\u00f3 0.4 por ciento mientras [&hellip;]<\/p>\n","protected":false},"author":1,"featured_media":9770,"comment_status":"open","ping_status":"open","sticky":true,"template":"","format":"standard","meta":{"footnotes":""},"categories":[10],"tags":[],"_links":{"self":[{"href":"https:\/\/diariodigitalmx.com\/index.php\/wp-json\/wp\/v2\/posts\/9768"}],"collection":[{"href":"https:\/\/diariodigitalmx.com\/index.php\/wp-json\/wp\/v2\/posts"}],"about":[{"href":"https:\/\/diariodigitalmx.com\/index.php\/wp-json\/wp\/v2\/types\/post"}],"author":[{"embeddable":true,"href":"https:\/\/diariodigitalmx.com\/index.php\/wp-json\/wp\/v2\/users\/1"}],"replies":[{"embeddable":true,"href":"https:\/\/diariodigitalmx.com\/index.php\/wp-json\/wp\/v2\/comments?post=9768"}],"version-history":[{"count":1,"href":"https:\/\/diariodigitalmx.com\/index.php\/wp-json\/wp\/v2\/posts\/9768\/revisions"}],"predecessor-version":[{"id":9769,"href":"https:\/\/diariodigitalmx.com\/index.php\/wp-json\/wp\/v2\/posts\/9768\/revisions\/9769"}],"wp:featuredmedia":[{"embeddable":true,"href":"https:\/\/diariodigitalmx.com\/index.php\/wp-json\/wp\/v2\/media\/9770"}],"wp:attachment":[{"href":"https:\/\/diariodigitalmx.com\/index.php\/wp-json\/wp\/v2\/media?parent=9768"}],"wp:term":[{"taxonomy":"category","embeddable":true,"href":"https:\/\/diariodigitalmx.com\/index.php\/wp-json\/wp\/v2\/categories?post=9768"},{"taxonomy":"post_tag","embeddable":true,"href":"https:\/\/diariodigitalmx.com\/index.php\/wp-json\/wp\/v2\/tags?post=9768"}],"curies":[{"name":"wp","href":"https:\/\/api.w.org\/{rel}","templated":true}]}}