{"id":97686,"date":"2023-05-10T14:24:33","date_gmt":"2023-05-10T19:24:33","guid":{"rendered":"http:\/\/diariodigitalmx.com\/?p=97686"},"modified":"2023-05-10T14:29:55","modified_gmt":"2023-05-10T19:29:55","slug":"tendra-monterrey-nuevos-guardianes-con-mural-de-gran-formato-en-tunel-de-la-loma-larga","status":"publish","type":"post","link":"https:\/\/diariodigitalmx.com\/index.php\/2023\/05\/10\/tendra-monterrey-nuevos-guardianes-con-mural-de-gran-formato-en-tunel-de-la-loma-larga\/","title":{"rendered":"Tendr\u00e1 Monterrey nuevos \u201cGuardianes\u201d con mural de gran formato en T\u00fanel de la Loma Larga"},"content":{"rendered":"\n<p>Con la obra del artista gr\u00e1fico y muralista poblano contempor\u00e1neo Rub\u00e9n Carrasco, la administraci\u00f3n municipal de Monterrey, propone que el T\u00fanel de la Loma Larga se convierta en un \u00edcono art\u00edstico para Monterrey y para todo el norte de M\u00e9xico.<\/p>\n\n\n\n<p>\u201cGuardianes\u201d busca ser un llamado a todas las personas para convertirnos en vigilantes de la naturaleza, de nuestras comunidades y de nuestro futuro.<\/p>\n\n\n\n<p>El mural retrata el trabajo, el emprendimiento y la innovaci\u00f3n que distinguen a los regiomontanos, junto al reto de proteger la biodiversidad y la calidad de vida de todas las personas.<\/p>\n\n\n\n<figure class=\"wp-block-image size-large\"><img loading=\"lazy\" decoding=\"async\" width=\"1024\" height=\"683\" src=\"http:\/\/diariodigitalmx.com\/wp-content\/uploads\/2023\/05\/MURAL-5-1024x683.jpg\" alt=\"\" class=\"wp-image-97690\" srcset=\"https:\/\/diariodigitalmx.com\/wp-content\/uploads\/2023\/05\/MURAL-5-1024x683.jpg 1024w, https:\/\/diariodigitalmx.com\/wp-content\/uploads\/2023\/05\/MURAL-5-300x200.jpg 300w, https:\/\/diariodigitalmx.com\/wp-content\/uploads\/2023\/05\/MURAL-5-768x512.jpg 768w, https:\/\/diariodigitalmx.com\/wp-content\/uploads\/2023\/05\/MURAL-5-1536x1024.jpg 1536w, https:\/\/diariodigitalmx.com\/wp-content\/uploads\/2023\/05\/MURAL-5-2048x1365.jpg 2048w\" sizes=\"(max-width: 1024px) 100vw, 1024px\" \/><\/figure>\n\n\n\n<p>Estar\u00e1 plasmado en mil 250 metros cuadrados de la fachada norte del T\u00fanel de la Loma Larga y se extender\u00e1 hacia 4 mil 340 metros cuadrados de las paredes interiores.<\/p>\n\n\n\n<p>150 mil veh\u00edculos al d\u00eda transitan por el T\u00fanel de la Loma Larga y sus ocupantes ver\u00e1n el mural, que tendr\u00e1 la curadur\u00eda de Cyrille Gouyette, curador del Museo del Louvre.<\/p>\n\n\n\n<p>El mural de gran formato \u201cGuardianes\u201d mostrar\u00e1 personajes futuristas custodiando animales end\u00e9micos del ecosistema local: un oso negro, un venado cola blanca y un \u00e1guila.<\/p>\n\n\n\n<p>Personajes que al no tener rostro o se\u00f1as identificables pueden ser cualquiera, enfatizando la importancia de que todas las personas nos convirtamos en guardianes de un mejor futuro.<\/p>\n\n\n\n<figure class=\"wp-block-image size-large\"><img loading=\"lazy\" decoding=\"async\" width=\"1024\" height=\"683\" src=\"http:\/\/diariodigitalmx.com\/wp-content\/uploads\/2023\/05\/MURAL-2-1024x683.jpg\" alt=\"\" class=\"wp-image-97693\" srcset=\"https:\/\/diariodigitalmx.com\/wp-content\/uploads\/2023\/05\/MURAL-2-1024x683.jpg 1024w, https:\/\/diariodigitalmx.com\/wp-content\/uploads\/2023\/05\/MURAL-2-300x200.jpg 300w, https:\/\/diariodigitalmx.com\/wp-content\/uploads\/2023\/05\/MURAL-2-768x512.jpg 768w, https:\/\/diariodigitalmx.com\/wp-content\/uploads\/2023\/05\/MURAL-2-1536x1024.jpg 1536w, https:\/\/diariodigitalmx.com\/wp-content\/uploads\/2023\/05\/MURAL-2-2048x1365.jpg 2048w\" sizes=\"(max-width: 1024px) 100vw, 1024px\" \/><\/figure>\n\n\n\n<p>Una paleta de colores c\u00e1lidos, ocre y sepia har\u00e1n contraste en sus diversas gamas y tonalidades con acentos que matizan la estampa natural propia del Cerro de La Loma Larga, con la Sierra Madre Oriental como escenario de fondo.<\/p>\n\n\n\n<p>El mural contar\u00e1 con un gran equipo de talento local, pues estar\u00e1n colaborando con Rub\u00e9n Carrasco los artistas locales Rub\u00e9n Arriaga, como primer asistente, y los muralistas Daphne Palomo, \u00c1ngel Salinas y Vanessa Rojas, adem\u00e1s de Miguel \u201cSuma\u201d Sifuentes y Alberto Rocha \u201cSoars\u201d.<\/p>\n","protected":false},"excerpt":{"rendered":"<p>Con la obra del artista gr\u00e1fico y muralista poblano contempor\u00e1neo Rub\u00e9n Carrasco, la administraci\u00f3n municipal de Monterrey, propone que el T\u00fanel de la Loma Larga se convierta en un \u00edcono art\u00edstico para Monterrey y para todo el norte de M\u00e9xico. \u201cGuardianes\u201d busca ser un llamado a todas las personas para convertirnos en vigilantes de la [&hellip;]<\/p>\n","protected":false},"author":1,"featured_media":97688,"comment_status":"open","ping_status":"open","sticky":true,"template":"","format":"standard","meta":{"footnotes":""},"categories":[11,3],"tags":[],"_links":{"self":[{"href":"https:\/\/diariodigitalmx.com\/index.php\/wp-json\/wp\/v2\/posts\/97686"}],"collection":[{"href":"https:\/\/diariodigitalmx.com\/index.php\/wp-json\/wp\/v2\/posts"}],"about":[{"href":"https:\/\/diariodigitalmx.com\/index.php\/wp-json\/wp\/v2\/types\/post"}],"author":[{"embeddable":true,"href":"https:\/\/diariodigitalmx.com\/index.php\/wp-json\/wp\/v2\/users\/1"}],"replies":[{"embeddable":true,"href":"https:\/\/diariodigitalmx.com\/index.php\/wp-json\/wp\/v2\/comments?post=97686"}],"version-history":[{"count":3,"href":"https:\/\/diariodigitalmx.com\/index.php\/wp-json\/wp\/v2\/posts\/97686\/revisions"}],"predecessor-version":[{"id":97694,"href":"https:\/\/diariodigitalmx.com\/index.php\/wp-json\/wp\/v2\/posts\/97686\/revisions\/97694"}],"wp:featuredmedia":[{"embeddable":true,"href":"https:\/\/diariodigitalmx.com\/index.php\/wp-json\/wp\/v2\/media\/97688"}],"wp:attachment":[{"href":"https:\/\/diariodigitalmx.com\/index.php\/wp-json\/wp\/v2\/media?parent=97686"}],"wp:term":[{"taxonomy":"category","embeddable":true,"href":"https:\/\/diariodigitalmx.com\/index.php\/wp-json\/wp\/v2\/categories?post=97686"},{"taxonomy":"post_tag","embeddable":true,"href":"https:\/\/diariodigitalmx.com\/index.php\/wp-json\/wp\/v2\/tags?post=97686"}],"curies":[{"name":"wp","href":"https:\/\/api.w.org\/{rel}","templated":true}]}}