{"id":9771,"date":"2019-08-13T13:44:48","date_gmt":"2019-08-13T18:44:48","guid":{"rendered":"http:\/\/diariodigitalmx.com\/?p=9771"},"modified":"2019-08-13T13:44:48","modified_gmt":"2019-08-13T18:44:48","slug":"confirman-a-interjet-proceso-de-cobro-por-adeudo-al-sat","status":"publish","type":"post","link":"https:\/\/diariodigitalmx.com\/index.php\/2019\/08\/13\/confirman-a-interjet-proceso-de-cobro-por-adeudo-al-sat\/","title":{"rendered":"Confirman a Interjet proceso de cobro por adeudo al SAT"},"content":{"rendered":"\n<p>El Servicio de Administraci\u00f3n Trinitaria (SAT) confirm\u00f3 que est\u00e1 en proceso un acto de cobro por un adeudo a una aerol\u00ednea, sin mencionar por su nombre a Interjet, el cual se encuentra en litigio ante la autoridad policial.<\/p>\n\n\n\n<p>\u201cEl SAT demuestra su compromiso con hacer cumplir las leyes, las cuales se aplican sin excepci\u00f3n, garantizando en todo momento la reserva de la informaci\u00f3n a la que obligan las disposiciones fiscales\u201d, agreg\u00f3 en escueto comunicado.<\/p>\n\n\n\n<p>Esta tarde, informaci\u00f3n period\u00edstica revel\u00f3 que el SAT lleva a cabo un cobro de adeudos fiscales a la l\u00ednea a\u00e9rea Interjet.<\/p>\n\n\n\n<p>Al respecto, la firma dio a conocer que est\u00e1 aclarando diferencias de impuestos con el Servicio de Administraci\u00f3n Tributaria, las cuales considera err\u00f3neas y por eso las est\u00e1 impugnando.<\/p>\n\n\n\n<p>Tambi\u00e9n en un comunicado, refiri\u00f3 que solicit\u00f3 un amparo el 10 de julio pasado para que se declare la inconstitucionalidad del cobro y pidi\u00f3 la suspensi\u00f3n de la medida, sobre la&nbsp;cual este lunes el Poder Judicial otorg\u00f3 la suspensi\u00f3n definitiva.<\/p>\n\n\n\n<p>&#8220;Interjet est\u00e1 aclarando diferencias de impuestos que considera err\u00f3neas y por eso las est\u00e1 impugnando. Cuando el SAT determina un adeudo fiscal, su resoluci\u00f3n se presume v\u00e1lida y legal hasta que no sea declarada nula o inconstitucional por un tribunal administrativo o por el Poder Judicial, tal como sucedi\u00f3 el d\u00eda de hoy con Interjet\u201d.<\/p>\n\n\n\n<p>Asimismo, la compa\u00f1\u00eda a\u00e9rea&nbsp;asegur\u00f3 que esta situaci\u00f3n de ninguna manera afecta a los pasajeros, ni sus operaciones regulares.<\/p>\n","protected":false},"excerpt":{"rendered":"<p>El Servicio de Administraci\u00f3n Trinitaria (SAT) confirm\u00f3 que est\u00e1 en proceso un acto de cobro por un adeudo a una aerol\u00ednea, sin mencionar por su nombre a Interjet, el cual se encuentra en litigio ante la autoridad policial. \u201cEl SAT demuestra su compromiso con hacer cumplir las leyes, las cuales se aplican sin excepci\u00f3n, garantizando [&hellip;]<\/p>\n","protected":false},"author":1,"featured_media":9772,"comment_status":"open","ping_status":"open","sticky":true,"template":"","format":"standard","meta":{"footnotes":""},"categories":[10],"tags":[],"_links":{"self":[{"href":"https:\/\/diariodigitalmx.com\/index.php\/wp-json\/wp\/v2\/posts\/9771"}],"collection":[{"href":"https:\/\/diariodigitalmx.com\/index.php\/wp-json\/wp\/v2\/posts"}],"about":[{"href":"https:\/\/diariodigitalmx.com\/index.php\/wp-json\/wp\/v2\/types\/post"}],"author":[{"embeddable":true,"href":"https:\/\/diariodigitalmx.com\/index.php\/wp-json\/wp\/v2\/users\/1"}],"replies":[{"embeddable":true,"href":"https:\/\/diariodigitalmx.com\/index.php\/wp-json\/wp\/v2\/comments?post=9771"}],"version-history":[{"count":1,"href":"https:\/\/diariodigitalmx.com\/index.php\/wp-json\/wp\/v2\/posts\/9771\/revisions"}],"predecessor-version":[{"id":9773,"href":"https:\/\/diariodigitalmx.com\/index.php\/wp-json\/wp\/v2\/posts\/9771\/revisions\/9773"}],"wp:featuredmedia":[{"embeddable":true,"href":"https:\/\/diariodigitalmx.com\/index.php\/wp-json\/wp\/v2\/media\/9772"}],"wp:attachment":[{"href":"https:\/\/diariodigitalmx.com\/index.php\/wp-json\/wp\/v2\/media?parent=9771"}],"wp:term":[{"taxonomy":"category","embeddable":true,"href":"https:\/\/diariodigitalmx.com\/index.php\/wp-json\/wp\/v2\/categories?post=9771"},{"taxonomy":"post_tag","embeddable":true,"href":"https:\/\/diariodigitalmx.com\/index.php\/wp-json\/wp\/v2\/tags?post=9771"}],"curies":[{"name":"wp","href":"https:\/\/api.w.org\/{rel}","templated":true}]}}