{"id":9781,"date":"2019-08-13T16:11:02","date_gmt":"2019-08-13T21:11:02","guid":{"rendered":"http:\/\/diariodigitalmx.com\/?p=9781"},"modified":"2019-08-13T16:16:53","modified_gmt":"2019-08-13T21:16:53","slug":"los-jovenes-irresponsables-al-volante-culpables-en-la-mayoria-de-los-accidentes","status":"publish","type":"post","link":"https:\/\/diariodigitalmx.com\/index.php\/2019\/08\/13\/los-jovenes-irresponsables-al-volante-culpables-en-la-mayoria-de-los-accidentes\/","title":{"rendered":"Los j\u00f3venes irresponsables al volante; culpables en la mayor\u00eda de los accidentes"},"content":{"rendered":"\n<p>Jessica Leal<\/p>\n\n\n\n<p>Monterrey, N. L- Mientras que del 63 por ciento de accidentes viales solo uno de los veh\u00edculos implicados tiene seguro, en la zona conurbada regia en 3 de cada 10 accidentes los responsables son j\u00f3venes de 15 a 29 a\u00f1os.<br><\/p>\n\n\n\n<p>Adem\u00e1s, se registr\u00f3 s\u00f3lo en mayo y junio 9 mil 576 hechos de tr\u00e1nsito en el \u00e1rea metropolitana, seg\u00fan datos del Observatorio Ciudadano de Seguridad Vial (OCISEVI) en su reporte del \u00faltimo bimestre.<br><\/p>\n\n\n\n<p>En esas estad\u00edsticas viales 619 personas resultaron lesionadas y 22 fallecieron al momento, de ellos 12 por atropello y 7 por estrellamiento, destaca la informaci\u00f3n.<br><\/p>\n\n\n\n<p>Sin embargo, se estiman que sean muchas m\u00e1s las personas fallecidas en hechos de tr\u00e1nsito, menciona Ricardo Cant\u00fa Jauckens, presidente del Observatorio Ciudadano de Seguridad Vial.<br><\/p>\n\n\n\n<p>&#8220;Seguimos con el problema de los heridos, se llevan a los hospitales, ahora estamos medio perdiendo la huella, no sabemos si fallecen o no&#8221;.<br><\/p>\n\n\n\n<p>Lamenta que s\u00f3lo en el 63 por ciento de los accidentes al menos uno de los veh\u00edculos implicados tiene con seguro y dejan a inocentes desamparados.<br><\/p>\n\n\n\n<p>Otros datos revelan que la principal causa de accidentes es por no guardar distancia con un 40 por ciento de incidencia, seguido de invasi\u00f3n de carril con un 25 por ciento, no respetar alto con 10 y exceso de velocidad con 6 en tanto el viernes es el d\u00eda en que m\u00e1s accidentes hay con mil 669.<br><\/p>\n\n\n\n<p>Los datos se recopilaron en las corporaciones de tr\u00e1nsito&nbsp; homologadas aunque los municipios de<\/p>\n\n\n\n<p>Apodaca, Cadereyta, Garc\u00eda y Santiago no se han integrado directamente al Observatorio, informa Cant\u00fa.<br><\/p>\n\n\n\n<p>El Observatorio, en conjunto con el INEGI, har\u00e1 una georreferenciaci\u00f3n de la informaci\u00f3n, con lo que a la larga se busca llegar a hacer auditor\u00edas viales.<br><\/p>\n\n\n\n<p>Por otro lado, cifras de Tr\u00e1nsito de Monterrey indican que solamente en esta localidad al mes se registra un promedio de 5,600 accidentes viales.<\/p>\n","protected":false},"excerpt":{"rendered":"<p>Jessica Leal Monterrey, N. L- Mientras que del 63 por ciento de accidentes viales solo uno de los veh\u00edculos implicados tiene seguro, en la zona conurbada regia en 3 de cada 10 accidentes los responsables son j\u00f3venes de 15 a 29 a\u00f1os. Adem\u00e1s, se registr\u00f3 s\u00f3lo en mayo y junio 9 mil 576 hechos de [&hellip;]<\/p>\n","protected":false},"author":1,"featured_media":9783,"comment_status":"open","ping_status":"open","sticky":true,"template":"","format":"standard","meta":{"footnotes":""},"categories":[6],"tags":[],"_links":{"self":[{"href":"https:\/\/diariodigitalmx.com\/index.php\/wp-json\/wp\/v2\/posts\/9781"}],"collection":[{"href":"https:\/\/diariodigitalmx.com\/index.php\/wp-json\/wp\/v2\/posts"}],"about":[{"href":"https:\/\/diariodigitalmx.com\/index.php\/wp-json\/wp\/v2\/types\/post"}],"author":[{"embeddable":true,"href":"https:\/\/diariodigitalmx.com\/index.php\/wp-json\/wp\/v2\/users\/1"}],"replies":[{"embeddable":true,"href":"https:\/\/diariodigitalmx.com\/index.php\/wp-json\/wp\/v2\/comments?post=9781"}],"version-history":[{"count":1,"href":"https:\/\/diariodigitalmx.com\/index.php\/wp-json\/wp\/v2\/posts\/9781\/revisions"}],"predecessor-version":[{"id":9782,"href":"https:\/\/diariodigitalmx.com\/index.php\/wp-json\/wp\/v2\/posts\/9781\/revisions\/9782"}],"wp:featuredmedia":[{"embeddable":true,"href":"https:\/\/diariodigitalmx.com\/index.php\/wp-json\/wp\/v2\/media\/9783"}],"wp:attachment":[{"href":"https:\/\/diariodigitalmx.com\/index.php\/wp-json\/wp\/v2\/media?parent=9781"}],"wp:term":[{"taxonomy":"category","embeddable":true,"href":"https:\/\/diariodigitalmx.com\/index.php\/wp-json\/wp\/v2\/categories?post=9781"},{"taxonomy":"post_tag","embeddable":true,"href":"https:\/\/diariodigitalmx.com\/index.php\/wp-json\/wp\/v2\/tags?post=9781"}],"curies":[{"name":"wp","href":"https:\/\/api.w.org\/{rel}","templated":true}]}}