{"id":9784,"date":"2019-08-13T18:48:31","date_gmt":"2019-08-13T23:48:31","guid":{"rendered":"http:\/\/diariodigitalmx.com\/?p=9784"},"modified":"2019-08-13T18:54:29","modified_gmt":"2019-08-13T23:54:29","slug":"inician-construccion-del-edificio-de-ciencias-de-la-salud-de-la-universidad-emiliano-zapata","status":"publish","type":"post","link":"https:\/\/diariodigitalmx.com\/index.php\/2019\/08\/13\/inician-construccion-del-edificio-de-ciencias-de-la-salud-de-la-universidad-emiliano-zapata\/","title":{"rendered":"Inician construcci\u00f3n del edificio de Ciencias de la Salud de la Universidad Emiliano Zapata"},"content":{"rendered":"\n<p>*Alberto Anaya y Guadalupe Rodr\u00edguez, le apuestan a la calidad educativa<\/p>\n\n\n\n<p>*Una escuela de medicina con enfoque humanista<\/p>\n\n\n\n<figure class=\"wp-block-image\"><img loading=\"lazy\" decoding=\"async\" width=\"1024\" height=\"683\" src=\"http:\/\/diariodigitalmx.com\/wp-content\/uploads\/2019\/08\/IMG_0183-1024x683.jpg\" alt=\"\" class=\"wp-image-9788\" srcset=\"https:\/\/diariodigitalmx.com\/wp-content\/uploads\/2019\/08\/IMG_0183-1024x683.jpg 1024w, https:\/\/diariodigitalmx.com\/wp-content\/uploads\/2019\/08\/IMG_0183-300x200.jpg 300w, https:\/\/diariodigitalmx.com\/wp-content\/uploads\/2019\/08\/IMG_0183-768x512.jpg 768w\" sizes=\"(max-width: 1024px) 100vw, 1024px\" \/><\/figure>\n\n\n\n<p>Con la presencia de autoridades federales y estatales, se llev\u00f3 a cabo la colocaci\u00f3n de la primera piedra del edificio de Ciencias de la Salud de la Universidad Emiliano Zapata, que albergar\u00e1 a los estudiantes de las carreras de medicina y enfermer\u00eda.<br><\/p>\n\n\n\n<p>El director nacional de Planeaci\u00f3n de la Secretar\u00eda de Salud, el doctor Alejandro Vargas Garc\u00eda, consider\u00f3 que no es una escuela m\u00e1s de medicina, sino que reconoci\u00f3 una caracter\u00edstica muy importante del proyecto Tierra y Libertad, que es el enfoque humanitario, adem\u00e1s de ejemplo de c\u00f3mo se puede transformar un ente social desde una condici\u00f3n de extrema pobreza.<\/p>\n\n\n\n<p><br><\/p>\n\n\n\n<figure class=\"wp-block-image\"><img loading=\"lazy\" decoding=\"async\" width=\"1024\" height=\"683\" src=\"http:\/\/diariodigitalmx.com\/wp-content\/uploads\/2019\/08\/IMG_0243-1024x683.jpg\" alt=\"\" class=\"wp-image-9791\" srcset=\"https:\/\/diariodigitalmx.com\/wp-content\/uploads\/2019\/08\/IMG_0243-1024x683.jpg 1024w, https:\/\/diariodigitalmx.com\/wp-content\/uploads\/2019\/08\/IMG_0243-300x200.jpg 300w, https:\/\/diariodigitalmx.com\/wp-content\/uploads\/2019\/08\/IMG_0243-768x512.jpg 768w\" sizes=\"(max-width: 1024px) 100vw, 1024px\" \/><\/figure>\n\n\n\n<p>\u201cHay que reconocer que se ha perdido esa parte de sensibilidad humana que caracteriz\u00f3 a la medicina durante tantos a\u00f1os y que esta carrera tiene este eje fundamental, adem\u00e1s de la atenci\u00f3n comunitaria a la salud\u201d expres\u00f3 el doctor Alejandro Vargas.<br><\/p>\n\n\n\n<p>Por su parte, el secretario general del Gobierno de Nuevo Le\u00f3n, Manuel Gonz\u00e1lez dio a conocer que el Gobernador Jaime Rodr\u00edguez Calder\u00f3n le pidi\u00f3 compartir la noticia de que est\u00e1n listos los 50 millones de pesos, el \u00faltimo recurso para terminar esto que forma parte de un proyecto de salud en el estado que integra 12 hospitales.<\/p>\n\n\n\n<p><br><\/p>\n\n\n\n<figure class=\"wp-block-image\"><img loading=\"lazy\" decoding=\"async\" width=\"1024\" height=\"683\" src=\"http:\/\/diariodigitalmx.com\/wp-content\/uploads\/2019\/08\/IMG_0001-1024x683.jpg\" alt=\"\" class=\"wp-image-9794\" srcset=\"https:\/\/diariodigitalmx.com\/wp-content\/uploads\/2019\/08\/IMG_0001-1024x683.jpg 1024w, https:\/\/diariodigitalmx.com\/wp-content\/uploads\/2019\/08\/IMG_0001-300x200.jpg 300w, https:\/\/diariodigitalmx.com\/wp-content\/uploads\/2019\/08\/IMG_0001-768x512.jpg 768w\" sizes=\"(max-width: 1024px) 100vw, 1024px\" \/><\/figure>\n\n\n\n<p>Dijo que el Gobierno del Estado va a apoyar todas las posiciones que el Frente Popular Tierra y Libertad que sus dirigentes lleven a cabo, adem\u00e1s los felicit\u00f3 por todos sus proyectos ya que son ejemplos internacionales de educaci\u00f3n.<br><\/p>\n\n\n\n<p>El dirigente nacional del Partido del Trabajo y Rector de la Universidad Emiliano Zapata, Alberto Anaya Guti\u00e9rrez, se dijo complacido de este gran paso para la construcci\u00f3n de esta escuela-hospital, ya que hay un d\u00e9ficit de m\u00e9dicos e incluso mencion\u00f3 que, en la Universidad Nacional Aut\u00f3noma de M\u00e9xico, presentaron 20 mil alumnos para ingresar a la carrera de medicina, en donde s\u00f3lo fueron admitidos 200, es decir uno de cada cien. Mientras que en la Universidad Emiliano Zapata, este a\u00f1o fueron admitidos cien estudiantes en la primera generaci\u00f3n de la carrera de medicina.\u00a0<\/p>\n\n\n\n<p><br><\/p>\n\n\n\n<figure class=\"wp-block-image\"><img loading=\"lazy\" decoding=\"async\" width=\"1024\" height=\"683\" src=\"http:\/\/diariodigitalmx.com\/wp-content\/uploads\/2019\/08\/IMG_0017-1024x683.jpg\" alt=\"\" class=\"wp-image-9797\" srcset=\"https:\/\/diariodigitalmx.com\/wp-content\/uploads\/2019\/08\/IMG_0017-1024x683.jpg 1024w, https:\/\/diariodigitalmx.com\/wp-content\/uploads\/2019\/08\/IMG_0017-300x200.jpg 300w, https:\/\/diariodigitalmx.com\/wp-content\/uploads\/2019\/08\/IMG_0017-768x512.jpg 768w\" sizes=\"(max-width: 1024px) 100vw, 1024px\" \/><\/figure>\n\n\n\n<p>La diputada Mar\u00eda Guadalupe Rodr\u00edguez, presidenta de la Comisi\u00f3n de Educaci\u00f3n, Cultura y Deporte, en el Congreso del Estado, felicit\u00f3 a todos los estudiantes y el cuerpo directivo y los motiv\u00f3 para que formen m\u00e9dicos que tengan un enfoque humanista y social para servir a las comunidades que m\u00e1s lo requieren.<\/p>\n\n\n\n<p><br><\/p>\n\n\n\n<figure class=\"wp-block-image\"><img loading=\"lazy\" decoding=\"async\" width=\"1024\" height=\"683\" src=\"http:\/\/diariodigitalmx.com\/wp-content\/uploads\/2019\/08\/IMG_0088-1024x683.jpg\" alt=\"\" class=\"wp-image-9800\" srcset=\"https:\/\/diariodigitalmx.com\/wp-content\/uploads\/2019\/08\/IMG_0088-1024x683.jpg 1024w, https:\/\/diariodigitalmx.com\/wp-content\/uploads\/2019\/08\/IMG_0088-300x200.jpg 300w, https:\/\/diariodigitalmx.com\/wp-content\/uploads\/2019\/08\/IMG_0088-768x512.jpg 768w\" sizes=\"(max-width: 1024px) 100vw, 1024px\" \/><\/figure>\n\n\n\n<figure class=\"wp-block-image\"><img loading=\"lazy\" decoding=\"async\" width=\"1024\" height=\"683\" src=\"http:\/\/diariodigitalmx.com\/wp-content\/uploads\/2019\/08\/IMG_0192-1024x683.jpg\" alt=\"\" class=\"wp-image-9803\" srcset=\"https:\/\/diariodigitalmx.com\/wp-content\/uploads\/2019\/08\/IMG_0192-1024x683.jpg 1024w, https:\/\/diariodigitalmx.com\/wp-content\/uploads\/2019\/08\/IMG_0192-300x200.jpg 300w, https:\/\/diariodigitalmx.com\/wp-content\/uploads\/2019\/08\/IMG_0192-768x512.jpg 768w\" sizes=\"(max-width: 1024px) 100vw, 1024px\" \/><\/figure>\n\n\n\n<p>El doctor Miguel \u00c1ngel Garza, director del Hospital Tierra y Libertad, agradeci\u00f3 la presencia de los diputados del Partido del Trabajo, Esperanza Rodr\u00edguez, Asael Sep\u00falveda, Zerefino Ju\u00e1rez y Santiago Gonz\u00e1lez, adem\u00e1s de regidores petistas de Monterrey, San Nicol\u00e1s y del municipio de El Carmen.<br><\/p>\n","protected":false},"excerpt":{"rendered":"<p>*Alberto Anaya y Guadalupe Rodr\u00edguez, le apuestan a la calidad educativa *Una escuela de medicina con enfoque humanista Con la presencia de autoridades federales y estatales, se llev\u00f3 a cabo la colocaci\u00f3n de la primera piedra del edificio de Ciencias de la Salud de la Universidad Emiliano Zapata, que albergar\u00e1 a los estudiantes de las [&hellip;]<\/p>\n","protected":false},"author":1,"featured_media":9786,"comment_status":"open","ping_status":"open","sticky":true,"template":"","format":"standard","meta":{"footnotes":""},"categories":[6],"tags":[],"_links":{"self":[{"href":"https:\/\/diariodigitalmx.com\/index.php\/wp-json\/wp\/v2\/posts\/9784"}],"collection":[{"href":"https:\/\/diariodigitalmx.com\/index.php\/wp-json\/wp\/v2\/posts"}],"about":[{"href":"https:\/\/diariodigitalmx.com\/index.php\/wp-json\/wp\/v2\/types\/post"}],"author":[{"embeddable":true,"href":"https:\/\/diariodigitalmx.com\/index.php\/wp-json\/wp\/v2\/users\/1"}],"replies":[{"embeddable":true,"href":"https:\/\/diariodigitalmx.com\/index.php\/wp-json\/wp\/v2\/comments?post=9784"}],"version-history":[{"count":7,"href":"https:\/\/diariodigitalmx.com\/index.php\/wp-json\/wp\/v2\/posts\/9784\/revisions"}],"predecessor-version":[{"id":9804,"href":"https:\/\/diariodigitalmx.com\/index.php\/wp-json\/wp\/v2\/posts\/9784\/revisions\/9804"}],"wp:featuredmedia":[{"embeddable":true,"href":"https:\/\/diariodigitalmx.com\/index.php\/wp-json\/wp\/v2\/media\/9786"}],"wp:attachment":[{"href":"https:\/\/diariodigitalmx.com\/index.php\/wp-json\/wp\/v2\/media?parent=9784"}],"wp:term":[{"taxonomy":"category","embeddable":true,"href":"https:\/\/diariodigitalmx.com\/index.php\/wp-json\/wp\/v2\/categories?post=9784"},{"taxonomy":"post_tag","embeddable":true,"href":"https:\/\/diariodigitalmx.com\/index.php\/wp-json\/wp\/v2\/tags?post=9784"}],"curies":[{"name":"wp","href":"https:\/\/api.w.org\/{rel}","templated":true}]}}