{"id":9805,"date":"2019-08-14T06:25:59","date_gmt":"2019-08-14T11:25:59","guid":{"rendered":"http:\/\/diariodigitalmx.com\/?p=9805"},"modified":"2019-08-14T06:26:00","modified_gmt":"2019-08-14T11:26:00","slug":"por-cierto-101","status":"publish","type":"post","link":"https:\/\/diariodigitalmx.com\/index.php\/2019\/08\/14\/por-cierto-101\/","title":{"rendered":"Por cierto&#8230;"},"content":{"rendered":"\n<p>\u00d3scar Tamez Rodr\u00edguez<\/p>\n\n\n\n<p>Entambaron a Chayo Robles, puede o no ser culpable, en su momento las circunstancias hicieron pensar era culpable y le protegi\u00f3 EPN. El lunes fue vinculada a proceso en un delito considerado menor aunque el monto sea mayor. Chayo nunca dio impresi\u00f3n de fugarse o desatender a la autoridad. Vaya, su encarcelamiento se parece m\u00e1s al caso de Medina en NL. A un cobro de viejas rencillas, revanchismo pol\u00edtico, una presa pol\u00edtica. Claro, tambi\u00e9n mandan 2 mensajes: que el poder judicial est\u00e1 sometido al ejecutivo lo que implica nada cambi\u00f3 en materia de justicia con la 4T y, que la fiscal\u00eda no tiene caso s\u00f3lido contra ella y no hay argumentos para encarcelarla por lo cual se violan procedimientos. \u00bfVictoria p\u00edrrica?&#8230; Hoy arranca el ciclo de conferencias llamado \u201cConstructores\u201d en la Gran Logia. El ponente es H\u00e9ctor Jaime Trevi\u00f1o Villarreal y la cita es a las 19:00 horas.&nbsp;<br>Oscar Tamez Rdz.&nbsp;<a rel=\"noreferrer noopener\" href=\"http:\/\/www.estudiospoliticos.mx\/\" target=\"_blank\">www.estudiospoliticos.mx<\/a><a rel=\"noreferrer noopener\" href=\"http:\/\/facebook.com\/EstudiosPoliticos.mx\" target=\"_blank\">Facebook.com\/EstudiosPoliticos.mx<\/a>@EstudiosMx<\/p>\n\n\n\n<p><\/p>\n","protected":false},"excerpt":{"rendered":"<p>\u00d3scar Tamez Rodr\u00edguez Entambaron a Chayo Robles, puede o no ser culpable, en su momento las circunstancias hicieron pensar era culpable y le protegi\u00f3 EPN. El lunes fue vinculada a proceso en un delito considerado menor aunque el monto sea mayor. Chayo nunca dio impresi\u00f3n de fugarse o desatender a la autoridad. Vaya, su encarcelamiento [&hellip;]<\/p>\n","protected":false},"author":1,"featured_media":9807,"comment_status":"open","ping_status":"open","sticky":true,"template":"","format":"standard","meta":{"footnotes":""},"categories":[12],"tags":[],"_links":{"self":[{"href":"https:\/\/diariodigitalmx.com\/index.php\/wp-json\/wp\/v2\/posts\/9805"}],"collection":[{"href":"https:\/\/diariodigitalmx.com\/index.php\/wp-json\/wp\/v2\/posts"}],"about":[{"href":"https:\/\/diariodigitalmx.com\/index.php\/wp-json\/wp\/v2\/types\/post"}],"author":[{"embeddable":true,"href":"https:\/\/diariodigitalmx.com\/index.php\/wp-json\/wp\/v2\/users\/1"}],"replies":[{"embeddable":true,"href":"https:\/\/diariodigitalmx.com\/index.php\/wp-json\/wp\/v2\/comments?post=9805"}],"version-history":[{"count":2,"href":"https:\/\/diariodigitalmx.com\/index.php\/wp-json\/wp\/v2\/posts\/9805\/revisions"}],"predecessor-version":[{"id":9808,"href":"https:\/\/diariodigitalmx.com\/index.php\/wp-json\/wp\/v2\/posts\/9805\/revisions\/9808"}],"wp:featuredmedia":[{"embeddable":true,"href":"https:\/\/diariodigitalmx.com\/index.php\/wp-json\/wp\/v2\/media\/9807"}],"wp:attachment":[{"href":"https:\/\/diariodigitalmx.com\/index.php\/wp-json\/wp\/v2\/media?parent=9805"}],"wp:term":[{"taxonomy":"category","embeddable":true,"href":"https:\/\/diariodigitalmx.com\/index.php\/wp-json\/wp\/v2\/categories?post=9805"},{"taxonomy":"post_tag","embeddable":true,"href":"https:\/\/diariodigitalmx.com\/index.php\/wp-json\/wp\/v2\/tags?post=9805"}],"curies":[{"name":"wp","href":"https:\/\/api.w.org\/{rel}","templated":true}]}}