{"id":98057,"date":"2023-05-16T16:29:08","date_gmt":"2023-05-16T21:29:08","guid":{"rendered":"http:\/\/diariodigitalmx.com\/?p=98057"},"modified":"2023-05-16T16:30:27","modified_gmt":"2023-05-16T21:30:27","slug":"video-el-asalto-del-dia-en-monterrey","status":"publish","type":"post","link":"https:\/\/diariodigitalmx.com\/index.php\/2023\/05\/16\/video-el-asalto-del-dia-en-monterrey\/","title":{"rendered":"VIDEO.- El asalto del d\u00eda en Monterrey"},"content":{"rendered":"\n<figure class=\"wp-block-video\"><video controls src=\"http:\/\/diariodigitalmx.com\/wp-content\/uploads\/2023\/05\/N6Jt2AtprVAytYqP.mp4\"><\/video><\/figure>\n\n\n\n<p>Monterrey . &#8211; Hombres armados asaltaron un negocio al norte de Monterrey, tras llevarse el dinero el due\u00f1o los sigui\u00f3 en su camioneta, impact\u00f3 la motocicleta en que huyeron, pero ilesos huyeron al realizar disparos e hirieron a una mujer inocente.<\/p>\n\n\n\n<p>La grabaci\u00f3n de las c\u00e1maras del negocio muestran a dos hombres encapuchados, vestidos de negro en la tienda ubicada en la calle La Vica en la zona San Bernab\u00e9; un individuo porta un fusil de asalto, y otro m\u00e1s toma de la caja el dinero.<\/p>\n\n\n\n<p>Los clientes y empleados del negocio se replegan al fondo mientras el propietario los observa saquear la caja; luego huyen y el hombre sale a seguirlos y les grita en la calle.<\/p>\n\n\n\n<p>Un tercer c\u00f3mplice habr\u00eda esperado a los dos asaltantes y los tres huyeron en la motocicleta por calles de la Colonia San Bernab\u00e9, Fomerrey 115, pero eran perseguidos por el due\u00f1o del negocio que iba en su camioneta.<\/p>\n\n\n\n<p>Al llegar al cruce de las calles Tejado y Canalera, la camioneta choc\u00f3 a la motocicleta, los asaltantes salieron proyectados, pero escaparon al correr y disparar para herir en una mano a una mujer ajena a los hechos.<\/p>\n\n\n\n<p>La Fiscal\u00eda abri\u00f3 una investigaci\u00f3n al respecto.<\/p>\n\n\n\n<p>Las estad\u00edsticas de la Fiscal\u00eda de Justicia de Nuevo Le\u00f3n se\u00f1alan que hasta el pasado mes de abril se ten\u00edan reportados 319 asaltos en lo que va del a\u00f1o.<\/p>\n\n\n\n<p>Sus cifras dicen que en en el 2020 hubo 7 mil 107 asaltos y robos; cuatro mil 404, en 2021 y cuatro mil 383 en 2022.<\/p>\n","protected":false},"excerpt":{"rendered":"<p>Monterrey . &#8211; Hombres armados asaltaron un negocio al norte de Monterrey, tras llevarse el dinero el due\u00f1o los sigui\u00f3 en su camioneta, impact\u00f3 la motocicleta en que huyeron, pero ilesos huyeron al realizar disparos e hirieron a una mujer inocente. La grabaci\u00f3n de las c\u00e1maras del negocio muestran a dos hombres encapuchados, vestidos de [&hellip;]<\/p>\n","protected":false},"author":1,"featured_media":98059,"comment_status":"open","ping_status":"open","sticky":true,"template":"","format":"standard","meta":{"footnotes":""},"categories":[14,7],"tags":[],"_links":{"self":[{"href":"https:\/\/diariodigitalmx.com\/index.php\/wp-json\/wp\/v2\/posts\/98057"}],"collection":[{"href":"https:\/\/diariodigitalmx.com\/index.php\/wp-json\/wp\/v2\/posts"}],"about":[{"href":"https:\/\/diariodigitalmx.com\/index.php\/wp-json\/wp\/v2\/types\/post"}],"author":[{"embeddable":true,"href":"https:\/\/diariodigitalmx.com\/index.php\/wp-json\/wp\/v2\/users\/1"}],"replies":[{"embeddable":true,"href":"https:\/\/diariodigitalmx.com\/index.php\/wp-json\/wp\/v2\/comments?post=98057"}],"version-history":[{"count":2,"href":"https:\/\/diariodigitalmx.com\/index.php\/wp-json\/wp\/v2\/posts\/98057\/revisions"}],"predecessor-version":[{"id":98061,"href":"https:\/\/diariodigitalmx.com\/index.php\/wp-json\/wp\/v2\/posts\/98057\/revisions\/98061"}],"wp:featuredmedia":[{"embeddable":true,"href":"https:\/\/diariodigitalmx.com\/index.php\/wp-json\/wp\/v2\/media\/98059"}],"wp:attachment":[{"href":"https:\/\/diariodigitalmx.com\/index.php\/wp-json\/wp\/v2\/media?parent=98057"}],"wp:term":[{"taxonomy":"category","embeddable":true,"href":"https:\/\/diariodigitalmx.com\/index.php\/wp-json\/wp\/v2\/categories?post=98057"},{"taxonomy":"post_tag","embeddable":true,"href":"https:\/\/diariodigitalmx.com\/index.php\/wp-json\/wp\/v2\/tags?post=98057"}],"curies":[{"name":"wp","href":"https:\/\/api.w.org\/{rel}","templated":true}]}}