{"id":98714,"date":"2023-05-27T08:18:06","date_gmt":"2023-05-27T13:18:06","guid":{"rendered":"http:\/\/diariodigitalmx.com\/?p=98714"},"modified":"2023-05-27T08:18:56","modified_gmt":"2023-05-27T13:18:56","slug":"santoralcarolina","status":"publish","type":"post","link":"https:\/\/diariodigitalmx.com\/index.php\/2023\/05\/27\/santoralcarolina\/","title":{"rendered":"Santoral:Carolina"},"content":{"rendered":"\n<p>Buen Fin de Semana<br>\u00a1Que As\u00ed sea!<br>Ya Cant\u00f3 El Gallo<br>Ya es SABADO 27 de Mayo<br>Saludos desde el Sur de Monterrey<\/p>\n\n\n\n<h1 class=\"wp-block-heading\">T\u00edoTo\u00f1o<\/h1>\n\n\n\n<h1 class=\"wp-block-heading\"><\/h1>\n\n\n\n<p>Santoral:Carolina<\/p>\n\n\n\n<p>1564 En la ciudad de Ginebra, Suiza, muere Juan Calvino, te\u00f3logo protestante franc\u00e9s durante la Reforma Protestante, padre del calvinismo, caracterizado por llevar hasta sus \u00faltimas consecuencias l\u00f3gicas la soberan\u00eda absoluta de Dios.<br>1695 Nace el pintor oaxaque\u00f1o Miguel Cabrera, uno de los m\u00e1s prol\u00edficos del siglo XVIII. Fundador de la primera Academia de Pintura en M\u00e9xico.<br>1703 El zar ruso Pedro I funda la ciudad de San Petersburgo despu\u00e9s de reconquistar las tierras ingrias a Suecia durante la Gran Guerra del Norte.<br>1792 En Par\u00eds se utiliza por primera vez la guillotina.<br>1812 Se publica en Sultepec, el primer nu\u0301mero del perio\u0301dico insurgente \u201cEl Ilustrador Americano\u201d.<br>1840 Muere el m\u00fasico italiano Niccol\u00f3 Paganini, reconocido como el m\u00e1ximo int\u00e9rprete del viol\u00edn, sobre el cual compone m\u00e1s de 20 obras en las que lo combina con otros instrumentos.<br>1867 Jose\u0301 Mari\u0301a Lacunza, presidente del Consejo de Ministerio del emperador Maximiliano, lee la abdicacio\u0301n de e\u0301ste en presencia de Mariano Riva Palacio y Jose\u0301 Mari\u0301a Iribarren.<br>1878 Nace, en el Peru\u0301, Mari\u0301a Jesu\u0301s Alvarado Rivera, escritora, periodista y precursora del feminismo moderno.<br>1907 En Pittsburgh, Estados Unidos, nace Rachel Louise Carson, que, a trav\u00e9s de su influyente libro &#8220;Primavera silenciosa&#8221; de 1962, alertar\u00e1 de los efectos perjudiciales que los pesticidas tienen en el medio ambiente. Gracias a este libro se prohibir\u00e1 el uso del DDT en EE.UU., y brotar\u00e1 con fuerza los cimientos de la moderna conciencia ambiental.<br>1910 Muere Robert Koch, bacteri\u00f3logo alem\u00e1n.<br>1913 Nace Vicente Calder\u00f3n, empresario espa\u00f1ol y presidente del \u201cAtl\u00e9tico de Madrid\u201d durante veinti\u00fan a\u00f1os.<br>1930 En Nueva York se inaugura el edificio Chrysler, con 77 plantas y 319 metros de altura, el m\u00e1s alto del mundo en ese momento.<br>1931 El f\u00edsico suizo Auguste Piccard y su colega Paul Kipfer, se convierten en los primeros hombres que alcanzan la estratosfera tras despegar en un enorme globo de hidr\u00f3geno de la localidad alemana de Agsburg y elevarse hasta los 15,787 m.<br>1937 Es Inaugurado el Puente Golden Gate, en San Francisco California.<br>1941 La Marina Real Brit\u00e1nica hunde el acorazado alem\u00e1n \u201cBismarck\u201d.<br>1960 En Argentina, los servicios secretos israel\u00edes secuestran al nazi y criminal de guerra Adolf Eichmann, traslad\u00e1ndolo de inc\u00f3gnito a Israel para juzgarle sumariamente.<br>2001 El grupo norteamericano del Citi Bank adquiere oficialmente a Banamex. Ultimo de los grandes bancos mexicanos.<br>2003 Subastan en Nueva York, Estados Unidos, el \u00f3leo &#8220;Sand\u00edas&#8221; (1953), del pintor oaxaque\u00f1o Rufino Tamayo. La pieza es rematada en 988 mil d\u00f3lares.<br>2014 Muere la directora de cine, guionista, productora y actriz alemana Helma Sanders-Brahms, una de las m\u00e1ximas representantes de la generaci\u00f3n de postguerra.<\/p>\n\n\n\n<p>To\u00f1o Ch\u00e1vez<\/p>\n","protected":false},"excerpt":{"rendered":"<p>Buen Fin de Semana\u00a1Que As\u00ed sea!Ya Cant\u00f3 El GalloYa es SABADO 27 de MayoSaludos desde el Sur de Monterrey T\u00edoTo\u00f1o Santoral:Carolina 1564 En la ciudad de Ginebra, Suiza, muere Juan Calvino, te\u00f3logo protestante franc\u00e9s durante la Reforma Protestante, padre del calvinismo, caracterizado por llevar hasta sus \u00faltimas consecuencias l\u00f3gicas la soberan\u00eda absoluta de Dios.1695 Nace [&hellip;]<\/p>\n","protected":false},"author":1,"featured_media":98716,"comment_status":"open","ping_status":"open","sticky":true,"template":"","format":"standard","meta":{"footnotes":""},"categories":[11,14],"tags":[],"_links":{"self":[{"href":"https:\/\/diariodigitalmx.com\/index.php\/wp-json\/wp\/v2\/posts\/98714"}],"collection":[{"href":"https:\/\/diariodigitalmx.com\/index.php\/wp-json\/wp\/v2\/posts"}],"about":[{"href":"https:\/\/diariodigitalmx.com\/index.php\/wp-json\/wp\/v2\/types\/post"}],"author":[{"embeddable":true,"href":"https:\/\/diariodigitalmx.com\/index.php\/wp-json\/wp\/v2\/users\/1"}],"replies":[{"embeddable":true,"href":"https:\/\/diariodigitalmx.com\/index.php\/wp-json\/wp\/v2\/comments?post=98714"}],"version-history":[{"count":1,"href":"https:\/\/diariodigitalmx.com\/index.php\/wp-json\/wp\/v2\/posts\/98714\/revisions"}],"predecessor-version":[{"id":98715,"href":"https:\/\/diariodigitalmx.com\/index.php\/wp-json\/wp\/v2\/posts\/98714\/revisions\/98715"}],"wp:featuredmedia":[{"embeddable":true,"href":"https:\/\/diariodigitalmx.com\/index.php\/wp-json\/wp\/v2\/media\/98716"}],"wp:attachment":[{"href":"https:\/\/diariodigitalmx.com\/index.php\/wp-json\/wp\/v2\/media?parent=98714"}],"wp:term":[{"taxonomy":"category","embeddable":true,"href":"https:\/\/diariodigitalmx.com\/index.php\/wp-json\/wp\/v2\/categories?post=98714"},{"taxonomy":"post_tag","embeddable":true,"href":"https:\/\/diariodigitalmx.com\/index.php\/wp-json\/wp\/v2\/tags?post=98714"}],"curies":[{"name":"wp","href":"https:\/\/api.w.org\/{rel}","templated":true}]}}