{"id":98731,"date":"2023-05-27T20:32:44","date_gmt":"2023-05-28T01:32:44","guid":{"rendered":"http:\/\/diariodigitalmx.com\/?p=98731"},"modified":"2023-05-27T20:33:59","modified_gmt":"2023-05-28T01:33:59","slug":"van-penalmente-alcaldes-de-28-municipios-contra-el-gobierno-de-samuel-garcia","status":"publish","type":"post","link":"https:\/\/diariodigitalmx.com\/index.php\/2023\/05\/27\/van-penalmente-alcaldes-de-28-municipios-contra-el-gobierno-de-samuel-garcia\/","title":{"rendered":"Van penalmente alcaldes de 28 municipios contra el gobierno de Samuel Garc\u00eda"},"content":{"rendered":"\n<p>Monterrey. -Alcaldes del Pacto Nuevo Le\u00f3n cuestionaron que el gobierno de Samuel Garc\u00eda entregue recursos solamente a los municipios de Movimiento Ciudadano, y hasta con un sesgo electoral, por lo que van por la denuncia penal.<\/p>\n\n\n\n<p>&#8220;Hablamos de la desigualdad del trato que estamos recibiendo por parte del Gobierno del Estado&#8221;, dijo Cristina D\u00edaz, del municipio de Guadalupe.<\/p>\n\n\n\n<p>&#8220;Aquellos municipios que son del color del gobernador sabemos que les va muy bien, no bien, sino muy bien. Y nosotros estamos cuesta arriba&#8221;, agreg\u00f3 la alcaldesa.<\/p>\n\n\n\n<p>D\u00edaz Salazar critic\u00f3 el favoritismo con el que el Estado entrega los recursos de este fondo a municipios de Movimiento Ciudadano, a los que les va muy bien, y que incluso, algunos de sus ediles han declarado que si reciben las participaciones.<\/p>\n\n\n\n<p>Los alcaldes opositores iniciaron un arqueo de los recursos que se han entregado y realizar en menos de 14 d\u00edas una denuncia penal colectiva y evitar el uso pol\u00edtico del Fondo Municipal.<\/p>\n\n\n\n<figure class=\"wp-block-image size-full\"><img loading=\"lazy\" decoding=\"async\" width=\"720\" height=\"695\" src=\"http:\/\/diariodigitalmx.com\/wp-content\/uploads\/2023\/05\/Screenshot_20230522-155527_Gallery-2.jpg\" alt=\"\" class=\"wp-image-98735\" srcset=\"https:\/\/diariodigitalmx.com\/wp-content\/uploads\/2023\/05\/Screenshot_20230522-155527_Gallery-2.jpg 720w, https:\/\/diariodigitalmx.com\/wp-content\/uploads\/2023\/05\/Screenshot_20230522-155527_Gallery-2-300x290.jpg 300w\" sizes=\"(max-width: 720px) 100vw, 720px\" \/><\/figure>\n\n\n\n<p>El adeudo en la ministraci\u00f3n de los 2 mil 500 millones del Fondo Municipal tambi\u00e9n generan intereses, coincidieron los alcaldes Cristina D\u00edaz de Guadalupe, Daniel Carrillo de San Nicol\u00e1s, David de la Pe\u00f1a de Santiago y Francisco Trevi\u00f1o de Ju\u00e1rez.<\/p>\n\n\n\n<p>Al remanente de adeudo hay que hacerle una actualizaci\u00f3n de intereses, se\u00f1al\u00f3 Carrillo, edil de San Nicol\u00e1s de los Garza.<\/p>\n\n\n\n<p>&#8220;Elaboramos el an\u00e1lisis de cada uno de los municipios para sacar exactamente de manera puntual cu\u00e1nto es el adeudo preciso con los intereses que se deben, porque hay un se\u00f1alamiento que ante un adeudo tambi\u00e9n se cobran intereses de acuerdo al C\u00f3digo Fiscal&#8221;, a\u00f1adi\u00f3.<\/p>\n\n\n\n<p>Daniel Carrillo, Alcalde de San Nicol\u00e1s critic\u00f3 este favoritismo y calific\u00f3 al Gobernador Samuel Garc\u00eda de mentir.<\/p>\n\n\n\n<p>&#8220;Una mentira lleva a otra, y el Gobernador no ha dejado de mentir, es muy claro, hay una Ley que se ha incumplido. Que cumplan la Ley, es todo lo que pedimos&#8221;, exigi\u00f3 Carrillo a su vez.<\/p>\n\n\n\n<p>&#8220;Ser\u00eda lamentable que aplicara las finanzas con un sesgo electoral porque la poblaci\u00f3n lo que requiere es obra, hacer infraestructura&#8221;, opin\u00f3 D\u00edaz Salazar.<\/p>\n\n\n\n<p>La edil record\u00f3 que los 28 municipios que integran el Pacto tienen el 65 por ciento de los 6 millones de habitantes del estado, que son los que requieren servicios.<\/p>\n","protected":false},"excerpt":{"rendered":"<p>Monterrey. -Alcaldes del Pacto Nuevo Le\u00f3n cuestionaron que el gobierno de Samuel Garc\u00eda entregue recursos solamente a los municipios de Movimiento Ciudadano, y hasta con un sesgo electoral, por lo que van por la denuncia penal. &#8220;Hablamos de la desigualdad del trato que estamos recibiendo por parte del Gobierno del Estado&#8221;, dijo Cristina D\u00edaz, del [&hellip;]<\/p>\n","protected":false},"author":1,"featured_media":98733,"comment_status":"open","ping_status":"open","sticky":true,"template":"","format":"standard","meta":{"footnotes":""},"categories":[6,3],"tags":[],"_links":{"self":[{"href":"https:\/\/diariodigitalmx.com\/index.php\/wp-json\/wp\/v2\/posts\/98731"}],"collection":[{"href":"https:\/\/diariodigitalmx.com\/index.php\/wp-json\/wp\/v2\/posts"}],"about":[{"href":"https:\/\/diariodigitalmx.com\/index.php\/wp-json\/wp\/v2\/types\/post"}],"author":[{"embeddable":true,"href":"https:\/\/diariodigitalmx.com\/index.php\/wp-json\/wp\/v2\/users\/1"}],"replies":[{"embeddable":true,"href":"https:\/\/diariodigitalmx.com\/index.php\/wp-json\/wp\/v2\/comments?post=98731"}],"version-history":[{"count":2,"href":"https:\/\/diariodigitalmx.com\/index.php\/wp-json\/wp\/v2\/posts\/98731\/revisions"}],"predecessor-version":[{"id":98736,"href":"https:\/\/diariodigitalmx.com\/index.php\/wp-json\/wp\/v2\/posts\/98731\/revisions\/98736"}],"wp:featuredmedia":[{"embeddable":true,"href":"https:\/\/diariodigitalmx.com\/index.php\/wp-json\/wp\/v2\/media\/98733"}],"wp:attachment":[{"href":"https:\/\/diariodigitalmx.com\/index.php\/wp-json\/wp\/v2\/media?parent=98731"}],"wp:term":[{"taxonomy":"category","embeddable":true,"href":"https:\/\/diariodigitalmx.com\/index.php\/wp-json\/wp\/v2\/categories?post=98731"},{"taxonomy":"post_tag","embeddable":true,"href":"https:\/\/diariodigitalmx.com\/index.php\/wp-json\/wp\/v2\/tags?post=98731"}],"curies":[{"name":"wp","href":"https:\/\/api.w.org\/{rel}","templated":true}]}}