{"id":98740,"date":"2023-05-27T21:14:19","date_gmt":"2023-05-28T02:14:19","guid":{"rendered":"http:\/\/diariodigitalmx.com\/?p=98740"},"modified":"2023-05-27T21:21:14","modified_gmt":"2023-05-28T02:21:14","slug":"aprueban-procedimiento-de-juicio-politico-contra-fiscal-de-texas","status":"publish","type":"post","link":"https:\/\/diariodigitalmx.com\/index.php\/2023\/05\/27\/aprueban-procedimiento-de-juicio-politico-contra-fiscal-de-texas\/","title":{"rendered":"Aprueban procedimiento de juicio pol\u00edtico contra Fiscal de Texas"},"content":{"rendered":"\n<p>Por Rogelio Romero<br>Austin, Texas.-La C\u00e1mara de Representantes de Texas aprob\u00f3 por 121-23 suspender de su cargo al Fiscal de Justicia Estatal, Ken Paxton, y despejar el camino, para que el Senado local inicie el procedimiento de juicio pol\u00edtico en contr del funcionario, que enfrenta presuntas acusaciones por soborno, obstrucci\u00f3n de justicia y abuso de sus facultades como fiscal estatal.<br>Ni las peticiones tanto del senador Ted Cruz y del ex presidente Donald Trump pidiendo que no fuera enjuiciado, tuvieron efecto alguno sobre los legisladores texanos, que en su mayor\u00eda son del Partido Republicano.<br>De acuerdo al procedimiento legislativo, ahora toca al Senado de Texas llamar a Paxton para que enfrente el juicio pol\u00edtico, mientras que un panel de diputados presentar\u00e1 los argumentos acusatorios que existen en contra del funcionario encargado de la procuraci\u00f3n de justicia estatal.<br>Se requiere de los votos de dos terceras partes del Senado texano, para remover a Paxton de su cargo como fiscal de justicia.<br>La investigaci\u00f3n contra el funcionario estatal comenz\u00f3 el pasado mes de marzo, despu\u00e9s de que Paxton \u201cpidi\u00f3\u201d al Congreso de Texas \u201cpagar\u201d una demanda civil por 3.3 millones de d\u00f3lares, que perdi\u00f3 su oficina ante ex empleados que lo acusaban de presunta corrupci\u00f3n y abuso de poder.<br>La indignaci\u00f3n y malestar de los legisladores republicanos y dem\u00f3cratas se centr\u00f3 en porqu\u00e9 los contribuyentes texanos ten\u00edan que pagar con dinero de sus impuestos, las presuntas anomal\u00edas en que habr\u00eda incurrido el fiscal.<br>Si Paxton es removido de su cargo como Fiscal de Justicia, representar\u00eda un duro golpe pol\u00edtico para el actual gobernador republicano de Texas Greg Abbott.<\/p>\n","protected":false},"excerpt":{"rendered":"<p>Por Rogelio RomeroAustin, Texas.-La C\u00e1mara de Representantes de Texas aprob\u00f3 por 121-23 suspender de su cargo al Fiscal de Justicia Estatal, Ken Paxton, y despejar el camino, para que el Senado local inicie el procedimiento de juicio pol\u00edtico en contr del funcionario, que enfrenta presuntas acusaciones por soborno, obstrucci\u00f3n de justicia y abuso de sus [&hellip;]<\/p>\n","protected":false},"author":1,"featured_media":98742,"comment_status":"open","ping_status":"open","sticky":true,"template":"","format":"standard","meta":{"footnotes":""},"categories":[4,3],"tags":[],"_links":{"self":[{"href":"https:\/\/diariodigitalmx.com\/index.php\/wp-json\/wp\/v2\/posts\/98740"}],"collection":[{"href":"https:\/\/diariodigitalmx.com\/index.php\/wp-json\/wp\/v2\/posts"}],"about":[{"href":"https:\/\/diariodigitalmx.com\/index.php\/wp-json\/wp\/v2\/types\/post"}],"author":[{"embeddable":true,"href":"https:\/\/diariodigitalmx.com\/index.php\/wp-json\/wp\/v2\/users\/1"}],"replies":[{"embeddable":true,"href":"https:\/\/diariodigitalmx.com\/index.php\/wp-json\/wp\/v2\/comments?post=98740"}],"version-history":[{"count":1,"href":"https:\/\/diariodigitalmx.com\/index.php\/wp-json\/wp\/v2\/posts\/98740\/revisions"}],"predecessor-version":[{"id":98741,"href":"https:\/\/diariodigitalmx.com\/index.php\/wp-json\/wp\/v2\/posts\/98740\/revisions\/98741"}],"wp:featuredmedia":[{"embeddable":true,"href":"https:\/\/diariodigitalmx.com\/index.php\/wp-json\/wp\/v2\/media\/98742"}],"wp:attachment":[{"href":"https:\/\/diariodigitalmx.com\/index.php\/wp-json\/wp\/v2\/media?parent=98740"}],"wp:term":[{"taxonomy":"category","embeddable":true,"href":"https:\/\/diariodigitalmx.com\/index.php\/wp-json\/wp\/v2\/categories?post=98740"},{"taxonomy":"post_tag","embeddable":true,"href":"https:\/\/diariodigitalmx.com\/index.php\/wp-json\/wp\/v2\/tags?post=98740"}],"curies":[{"name":"wp","href":"https:\/\/api.w.org\/{rel}","templated":true}]}}