{"id":98743,"date":"2023-05-27T21:19:57","date_gmt":"2023-05-28T02:19:57","guid":{"rendered":"http:\/\/diariodigitalmx.com\/?p=98743"},"modified":"2023-05-27T21:20:40","modified_gmt":"2023-05-28T02:20:40","slug":"democratas-descartan-motivos-politicos-contra-paxton","status":"publish","type":"post","link":"https:\/\/diariodigitalmx.com\/index.php\/2023\/05\/27\/democratas-descartan-motivos-politicos-contra-paxton\/","title":{"rendered":"Democratas descartan motivos pol\u00edticos contra Paxton"},"content":{"rendered":"\n<p><br>Por Rogelio Romero<br>Austin, Texas.- El legislador dem\u00f3crata por San Antonio, Trey Mart\u00ednez, descart\u00f3 que la decisi\u00f3n de su bancada legislativa de iniciar un juicio pol\u00edtico al Fiscal de Justicia, Ken Paxton, obedezca a motivos pol\u00edticos.<br>Dijo que la decisi\u00f3n tomada se debe a la obligaci\u00f3n que tiene la Legislatura de Texas de velar porque los funcionarios que son electos para cargos p\u00fablicos, cumplan con su trabajo de servir a la sociedad civil.<br>Resalt\u00f3 que cuando un funcionario falta a sus obligaciones o presuntamente viola la ley, se queda solo.<br>\u201cNo se trata de un tema partidista sino de cumplir con el mandato constitucional para lo que fuimos electos\u201d.<br>Ahora el proceso de enjuiciamiento que debe enfrentar el fiscal de justicia Paxton, est\u00e1 en manos del Senado de Texas.<br>Paxton se encontraba hasta este s\u00e1bado en su tercer t\u00e9rmino como fiscal de justicia del estado, tras la decisi\u00f3n tomada por los legisladores esta noche, quedo suspendido de su cargo hasta conocerse los resultados del juicio pol\u00edtico que enfrenta.<\/p>\n","protected":false},"excerpt":{"rendered":"<p>Por Rogelio RomeroAustin, Texas.- El legislador dem\u00f3crata por San Antonio, Trey Mart\u00ednez, descart\u00f3 que la decisi\u00f3n de su bancada legislativa de iniciar un juicio pol\u00edtico al Fiscal de Justicia, Ken Paxton, obedezca a motivos pol\u00edticos.Dijo que la decisi\u00f3n tomada se debe a la obligaci\u00f3n que tiene la Legislatura de Texas de velar porque los funcionarios [&hellip;]<\/p>\n","protected":false},"author":1,"featured_media":98745,"comment_status":"open","ping_status":"open","sticky":true,"template":"","format":"standard","meta":{"footnotes":""},"categories":[14,4],"tags":[],"_links":{"self":[{"href":"https:\/\/diariodigitalmx.com\/index.php\/wp-json\/wp\/v2\/posts\/98743"}],"collection":[{"href":"https:\/\/diariodigitalmx.com\/index.php\/wp-json\/wp\/v2\/posts"}],"about":[{"href":"https:\/\/diariodigitalmx.com\/index.php\/wp-json\/wp\/v2\/types\/post"}],"author":[{"embeddable":true,"href":"https:\/\/diariodigitalmx.com\/index.php\/wp-json\/wp\/v2\/users\/1"}],"replies":[{"embeddable":true,"href":"https:\/\/diariodigitalmx.com\/index.php\/wp-json\/wp\/v2\/comments?post=98743"}],"version-history":[{"count":1,"href":"https:\/\/diariodigitalmx.com\/index.php\/wp-json\/wp\/v2\/posts\/98743\/revisions"}],"predecessor-version":[{"id":98744,"href":"https:\/\/diariodigitalmx.com\/index.php\/wp-json\/wp\/v2\/posts\/98743\/revisions\/98744"}],"wp:featuredmedia":[{"embeddable":true,"href":"https:\/\/diariodigitalmx.com\/index.php\/wp-json\/wp\/v2\/media\/98745"}],"wp:attachment":[{"href":"https:\/\/diariodigitalmx.com\/index.php\/wp-json\/wp\/v2\/media?parent=98743"}],"wp:term":[{"taxonomy":"category","embeddable":true,"href":"https:\/\/diariodigitalmx.com\/index.php\/wp-json\/wp\/v2\/categories?post=98743"},{"taxonomy":"post_tag","embeddable":true,"href":"https:\/\/diariodigitalmx.com\/index.php\/wp-json\/wp\/v2\/tags?post=98743"}],"curies":[{"name":"wp","href":"https:\/\/api.w.org\/{rel}","templated":true}]}}