{"id":98860,"date":"2023-05-29T18:58:48","date_gmt":"2023-05-29T23:58:48","guid":{"rendered":"http:\/\/diariodigitalmx.com\/?p=98860"},"modified":"2023-05-29T19:00:16","modified_gmt":"2023-05-30T00:00:16","slug":"se-enfrentan-policias-y-hombres-armados-hay-10-muertos-y-un-agente-herido-de-bala-tres-mas-lesionados-en-volcadura","status":"publish","type":"post","link":"https:\/\/diariodigitalmx.com\/index.php\/2023\/05\/29\/se-enfrentan-policias-y-hombres-armados-hay-10-muertos-y-un-agente-herido-de-bala-tres-mas-lesionados-en-volcadura\/","title":{"rendered":"Se enfrentan polic\u00edas y hombres armados; hay 10 muertos y un agente herido de bala; tres m\u00e1s lesionados en volcadura"},"content":{"rendered":"\n<figure class=\"wp-block-video\"><video controls src=\"http:\/\/diariodigitalmx.com\/wp-content\/uploads\/2023\/05\/VID-20230529-WA0094.mp4\"><\/video><\/figure>\n\n\n\n<p><br>Monterrey. \u2013 En un enfrentamiento entre hombres armados y polic\u00edas de Fuerza Civil, dej\u00f3 un saldo de 10 muertos por parte de un presunto grupo delincuencial y un polic\u00eda lesionado.<\/p>\n\n\n\n<p>Los hechos se registraron por la Autopista a Laredo, en el municipio de Salinas Victoria, unos 40 kil\u00f3metros al norte de Monterrey, cuando los polic\u00edas estatales fueron emboscados por el comando de hombres armados, lo que dio origen al enfrentamiento.<br>El Secretario de Seguridad estatal, Gerardo Palacios P\u00e1manes, confirm\u00f3 la muerte de \u201c10 delincuentes\u201d que fueron abatidos durante el enfrentamiento, adem\u00e1s de que se aseguraron tres camionetas blindadas y armamento.<\/p>\n\n\n\n<p>Tambi\u00e9n inform\u00f3 que, de manera preliminar, hay al menos tres elementos lesionados por una volcadura y un oficial herido de bala tras los hechos.<\/p>\n\n\n\n<p>Al lugar se movilizaron elementos del Ej\u00e9rcito y Guardia Nacional, as\u00ed como agentes de la Polic\u00eda Ministerial, quienes acudieron en apoyo a los polic\u00edas estatales.<\/p>\n\n\n\n<p>Las autoridades iniciaron las investigaciones y un recuento exacto de los hechos, que mantuvieron en alerta a los pobladores de Salinas Victoria y comunidades aleda\u00f1as.<\/p>\n\n\n\n<p>Esa parte norte de Nuevo Le\u00f3n, que incluye municipios como Salinas Victoria, Ci\u00e9nega de Flores y Sabinas Hidalgo, entre otros, cruza en su territorio la carretera a Nuevo Laredo, escenario de enfrentamientos y de desaparici\u00f3n de personas.<\/p>\n","protected":false},"excerpt":{"rendered":"<p>Monterrey. \u2013 En un enfrentamiento entre hombres armados y polic\u00edas de Fuerza Civil, dej\u00f3 un saldo de 10 muertos por parte de un presunto grupo delincuencial y un polic\u00eda lesionado. Los hechos se registraron por la Autopista a Laredo, en el municipio de Salinas Victoria, unos 40 kil\u00f3metros al norte de Monterrey, cuando los polic\u00edas [&hellip;]<\/p>\n","protected":false},"author":1,"featured_media":98862,"comment_status":"open","ping_status":"open","sticky":true,"template":"","format":"standard","meta":{"footnotes":""},"categories":[3,7],"tags":[],"_links":{"self":[{"href":"https:\/\/diariodigitalmx.com\/index.php\/wp-json\/wp\/v2\/posts\/98860"}],"collection":[{"href":"https:\/\/diariodigitalmx.com\/index.php\/wp-json\/wp\/v2\/posts"}],"about":[{"href":"https:\/\/diariodigitalmx.com\/index.php\/wp-json\/wp\/v2\/types\/post"}],"author":[{"embeddable":true,"href":"https:\/\/diariodigitalmx.com\/index.php\/wp-json\/wp\/v2\/users\/1"}],"replies":[{"embeddable":true,"href":"https:\/\/diariodigitalmx.com\/index.php\/wp-json\/wp\/v2\/comments?post=98860"}],"version-history":[{"count":2,"href":"https:\/\/diariodigitalmx.com\/index.php\/wp-json\/wp\/v2\/posts\/98860\/revisions"}],"predecessor-version":[{"id":98865,"href":"https:\/\/diariodigitalmx.com\/index.php\/wp-json\/wp\/v2\/posts\/98860\/revisions\/98865"}],"wp:featuredmedia":[{"embeddable":true,"href":"https:\/\/diariodigitalmx.com\/index.php\/wp-json\/wp\/v2\/media\/98862"}],"wp:attachment":[{"href":"https:\/\/diariodigitalmx.com\/index.php\/wp-json\/wp\/v2\/media?parent=98860"}],"wp:term":[{"taxonomy":"category","embeddable":true,"href":"https:\/\/diariodigitalmx.com\/index.php\/wp-json\/wp\/v2\/categories?post=98860"},{"taxonomy":"post_tag","embeddable":true,"href":"https:\/\/diariodigitalmx.com\/index.php\/wp-json\/wp\/v2\/tags?post=98860"}],"curies":[{"name":"wp","href":"https:\/\/api.w.org\/{rel}","templated":true}]}}