{"id":98895,"date":"2023-05-29T21:59:06","date_gmt":"2023-05-30T02:59:06","guid":{"rendered":"http:\/\/diariodigitalmx.com\/?p=98895"},"modified":"2023-05-29T22:00:08","modified_gmt":"2023-05-30T03:00:08","slug":"invitan-a-ser-parte-de-la-comunidad-de-voluntarios-del-fisl","status":"publish","type":"post","link":"https:\/\/diariodigitalmx.com\/index.php\/2023\/05\/29\/invitan-a-ser-parte-de-la-comunidad-de-voluntarios-del-fisl\/","title":{"rendered":"Invitan a ser parte de la comunidad de voluntarios del FISL"},"content":{"rendered":"\n<p>\u00b7&nbsp;&nbsp;&nbsp;&nbsp;&nbsp;&nbsp;&nbsp;El FISL busca a personas apasionadas y entusiastas para hacer una edici\u00f3n inolvidable<\/p>\n\n\n\n<p>El Festival Internacional de Santa Luc\u00eda invit\u00f3 a la comunidad a colaborar como voluntarios para la edici\u00f3n 2023, y al mismo tiempo disfrutar de las actividades art\u00edsticas, exposiciones y di\u00e1logos.<\/p>\n\n\n\n<p>Para inscribirse hay que ingresar a la p\u00e1gina\u00a0<a rel=\"noreferrer noopener\" href=\"http:\/\/www.festivalsantalucia.gob.mx\/\" target=\"_blank\">www.festivalsantalucia.gob.mx<\/a>, llenar el formulario de registro individual de inscripci\u00f3n. La fecha de cierre ser\u00e1 el 3 de agosto del 2023; mientras que la capacitaci\u00f3n se llevar\u00e1 a cabo durante los s\u00e1bados del mes de agosto.<\/p>\n\n\n\n<figure class=\"wp-block-image size-large\"><img loading=\"lazy\" decoding=\"async\" width=\"1024\" height=\"683\" src=\"http:\/\/diariodigitalmx.com\/wp-content\/uploads\/2023\/05\/VOLUNTARIOS-FISL-1-1024x683.jpg\" alt=\"\" class=\"wp-image-98899\" srcset=\"https:\/\/diariodigitalmx.com\/wp-content\/uploads\/2023\/05\/VOLUNTARIOS-FISL-1-1024x683.jpg 1024w, https:\/\/diariodigitalmx.com\/wp-content\/uploads\/2023\/05\/VOLUNTARIOS-FISL-1-300x200.jpg 300w, https:\/\/diariodigitalmx.com\/wp-content\/uploads\/2023\/05\/VOLUNTARIOS-FISL-1-768x512.jpg 768w, https:\/\/diariodigitalmx.com\/wp-content\/uploads\/2023\/05\/VOLUNTARIOS-FISL-1.jpg 1080w\" sizes=\"(max-width: 1024px) 100vw, 1024px\" \/><\/figure>\n\n\n\n<p>Las personas interesadas recibir\u00e1n capacitaci\u00f3n, convivir\u00e1n con artistas de otros pa\u00edses y har\u00e1n muchos amigos; adem\u00e1s de formar parte de una plataforma que re\u00fane a individuos que desean brindar su tiempo y lograr as\u00ed una gran aportaci\u00f3n social en nuestra comunidad.<\/p>\n\n\n\n<p>De acuerdo a informaci\u00f3n del FISL para ser voluntario se requiere tener disponibilidad de tiempo del 23 de septiembre al 5 de noviembre, ser mayor de 18 a\u00f1os, apoyar al menos 3 d\u00edas a la semana, recibir capacitaci\u00f3n, entre otros.<\/p>\n\n\n\n<p>En los 15 a\u00f1os que se ha llevado a cabo el Festival se han inscrito por lo menos 1387 voluntarios, quienes con su apoyo han sido parte fundamental para su \u00e9xito.<\/p>\n\n\n\n<p>Para conocer m\u00e1s informaci\u00f3n de esta convocatoria, puedes acceder al sitio oficial del Festival Internacional de Santa Luc\u00eda&nbsp;<a href=\"http:\/\/festivalsantalucia.gob.mx\/\" target=\"_blank\" rel=\"noreferrer noopener\">http:\/\/festivalsantalucia.gob.mx<\/a>&nbsp;o bien si tienes dudas enviar correo a&nbsp;<a href=\"mailto:voluntariosantalucia@gmail.com\" target=\"_blank\" rel=\"noreferrer noopener\">voluntariosantalucia@gmail.com<\/a>.<\/p>\n","protected":false},"excerpt":{"rendered":"<p>\u00b7&nbsp;&nbsp;&nbsp;&nbsp;&nbsp;&nbsp;&nbsp;El FISL busca a personas apasionadas y entusiastas para hacer una edici\u00f3n inolvidable El Festival Internacional de Santa Luc\u00eda invit\u00f3 a la comunidad a colaborar como voluntarios para la edici\u00f3n 2023, y al mismo tiempo disfrutar de las actividades art\u00edsticas, exposiciones y di\u00e1logos. Para inscribirse hay que ingresar a la p\u00e1gina\u00a0www.festivalsantalucia.gob.mx, llenar el formulario de [&hellip;]<\/p>\n","protected":false},"author":1,"featured_media":98897,"comment_status":"open","ping_status":"open","sticky":true,"template":"","format":"standard","meta":{"footnotes":""},"categories":[11,5],"tags":[],"_links":{"self":[{"href":"https:\/\/diariodigitalmx.com\/index.php\/wp-json\/wp\/v2\/posts\/98895"}],"collection":[{"href":"https:\/\/diariodigitalmx.com\/index.php\/wp-json\/wp\/v2\/posts"}],"about":[{"href":"https:\/\/diariodigitalmx.com\/index.php\/wp-json\/wp\/v2\/types\/post"}],"author":[{"embeddable":true,"href":"https:\/\/diariodigitalmx.com\/index.php\/wp-json\/wp\/v2\/users\/1"}],"replies":[{"embeddable":true,"href":"https:\/\/diariodigitalmx.com\/index.php\/wp-json\/wp\/v2\/comments?post=98895"}],"version-history":[{"count":3,"href":"https:\/\/diariodigitalmx.com\/index.php\/wp-json\/wp\/v2\/posts\/98895\/revisions"}],"predecessor-version":[{"id":98900,"href":"https:\/\/diariodigitalmx.com\/index.php\/wp-json\/wp\/v2\/posts\/98895\/revisions\/98900"}],"wp:featuredmedia":[{"embeddable":true,"href":"https:\/\/diariodigitalmx.com\/index.php\/wp-json\/wp\/v2\/media\/98897"}],"wp:attachment":[{"href":"https:\/\/diariodigitalmx.com\/index.php\/wp-json\/wp\/v2\/media?parent=98895"}],"wp:term":[{"taxonomy":"category","embeddable":true,"href":"https:\/\/diariodigitalmx.com\/index.php\/wp-json\/wp\/v2\/categories?post=98895"},{"taxonomy":"post_tag","embeddable":true,"href":"https:\/\/diariodigitalmx.com\/index.php\/wp-json\/wp\/v2\/tags?post=98895"}],"curies":[{"name":"wp","href":"https:\/\/api.w.org\/{rel}","templated":true}]}}