{"id":98901,"date":"2023-05-29T22:08:03","date_gmt":"2023-05-30T03:08:03","guid":{"rendered":"http:\/\/diariodigitalmx.com\/?p=98901"},"modified":"2023-05-29T22:09:55","modified_gmt":"2023-05-30T03:09:55","slug":"kia-mexico-renueva-distintivo-de-empresa-socialmente-responsable","status":"publish","type":"post","link":"https:\/\/diariodigitalmx.com\/index.php\/2023\/05\/29\/kia-mexico-renueva-distintivo-de-empresa-socialmente-responsable\/","title":{"rendered":"Kia M\u00e9xico renueva Distintivo de Empresa Socialmente Responsable"},"content":{"rendered":"\n<p><br>Pesquer\u00eda, Nuevo Le\u00f3n\u2013 En los recientes d\u00edas, Kia M\u00e9xico fue galardonado con el Distintivo de Empresa Socialmente Responsable que entrega el Centro Mexicano para la Filantrop\u00eda (CEMEFI), siendo el 5to a\u00f1o consecutivo que la armadora coreana recibe tal distinci\u00f3n.<br>CEMEFI reconoce a las empresas que han demostrado su compromiso con la responsabilidad social y la sostenibilidad; lo hace midiendo las acciones relacionadas a la gesti\u00f3n de la RSE; la calidad de vida en la empresa; la \u00e9tica empresarial; as\u00ed como su relaci\u00f3n con la comunidad y el Medio Ambiente.<br>Haber sido galardonados nuevamente es resultado del compromiso que Kia M\u00e9xico ha tenido con su entorno, en el aspecto econ\u00f3mico y social, adoptando pr\u00e1cticas sostenibles en su d\u00eda a d\u00eda, tal como las pol\u00edticas y campa\u00f1as de medio ambiente, salud y seguridad; el certificado de industria limpia; las zonas de atenci\u00f3n y soporte al colaborador; los apoyos a la educaci\u00f3n; as\u00ed como los esfuerzos para alcanzar la neutralidad de carbono en nuestros procesos productivos.<\/p>\n\n\n\n<figure class=\"wp-block-image size-large\"><img loading=\"lazy\" decoding=\"async\" width=\"1024\" height=\"1024\" src=\"http:\/\/diariodigitalmx.com\/wp-content\/uploads\/2023\/05\/IMG_20230529_210617_037-1024x1024.webp\" alt=\"\" class=\"wp-image-98905\" srcset=\"https:\/\/diariodigitalmx.com\/wp-content\/uploads\/2023\/05\/IMG_20230529_210617_037-1024x1024.webp 1024w, https:\/\/diariodigitalmx.com\/wp-content\/uploads\/2023\/05\/IMG_20230529_210617_037-300x300.webp 300w, https:\/\/diariodigitalmx.com\/wp-content\/uploads\/2023\/05\/IMG_20230529_210617_037-150x150.webp 150w, https:\/\/diariodigitalmx.com\/wp-content\/uploads\/2023\/05\/IMG_20230529_210617_037-768x768.webp 768w, https:\/\/diariodigitalmx.com\/wp-content\/uploads\/2023\/05\/IMG_20230529_210617_037.webp 1080w\" sizes=\"(max-width: 1024px) 100vw, 1024px\" \/><\/figure>\n\n\n\n<p>\u201cComo Kia M\u00e9xico estamos orgullosos de haber sido reconocidos por 5to a\u00f1o consecutivo, sin duda es resultado del arduo trabajo y la dedicaci\u00f3n de toda la fuerza laboral, que va desde el personal operativo hasta el directivo; un equipo de trabajo dedicado diariamente en hacer de su comunidad un lugar mejor y m\u00e1s sostenible.\u201d Mencion\u00f3 Ricardo Guerra, gerente de relaciones p\u00fablicas de Kia M\u00e9xico.<\/p>\n\n\n\n<figure class=\"wp-block-image size-large\"><img loading=\"lazy\" decoding=\"async\" width=\"1024\" height=\"1024\" src=\"http:\/\/diariodigitalmx.com\/wp-content\/uploads\/2023\/05\/IMG_20230529_210616_984-1024x1024.webp\" alt=\"\" class=\"wp-image-98907\" srcset=\"https:\/\/diariodigitalmx.com\/wp-content\/uploads\/2023\/05\/IMG_20230529_210616_984-1024x1024.webp 1024w, https:\/\/diariodigitalmx.com\/wp-content\/uploads\/2023\/05\/IMG_20230529_210616_984-300x300.webp 300w, https:\/\/diariodigitalmx.com\/wp-content\/uploads\/2023\/05\/IMG_20230529_210616_984-150x150.webp 150w, https:\/\/diariodigitalmx.com\/wp-content\/uploads\/2023\/05\/IMG_20230529_210616_984-768x768.webp 768w, https:\/\/diariodigitalmx.com\/wp-content\/uploads\/2023\/05\/IMG_20230529_210616_984.webp 1080w\" sizes=\"(max-width: 1024px) 100vw, 1024px\" \/><\/figure>\n\n\n\n<p>Kia M\u00e9xico seguir\u00e1 trabajando para mantener y elevar los est\u00e1ndares de calidad y producci\u00f3n, al mismo tiempo de asegurar que nuestra comunidad y el personal de nuestra planta, se sienta orgulloso de formar parte de una compa\u00f1\u00eda comprometida con su entorno.<br>Recientemente la marca Kia fue galardonada por JD Power como la marca automotriz m\u00e1s confiable en 2022, as\u00ed como posicion\u00f3 por 4ta vez consecutiva al Kia Forte (producido en M\u00e9xico) como el n\u00famero 1 en el estudio de calidad.<\/p>\n","protected":false},"excerpt":{"rendered":"<p>Pesquer\u00eda, Nuevo Le\u00f3n\u2013 En los recientes d\u00edas, Kia M\u00e9xico fue galardonado con el Distintivo de Empresa Socialmente Responsable que entrega el Centro Mexicano para la Filantrop\u00eda (CEMEFI), siendo el 5to a\u00f1o consecutivo que la armadora coreana recibe tal distinci\u00f3n.CEMEFI reconoce a las empresas que han demostrado su compromiso con la responsabilidad social y la sostenibilidad; [&hellip;]<\/p>\n","protected":false},"author":1,"featured_media":98903,"comment_status":"open","ping_status":"open","sticky":true,"template":"","format":"standard","meta":{"footnotes":""},"categories":[10,5],"tags":[],"_links":{"self":[{"href":"https:\/\/diariodigitalmx.com\/index.php\/wp-json\/wp\/v2\/posts\/98901"}],"collection":[{"href":"https:\/\/diariodigitalmx.com\/index.php\/wp-json\/wp\/v2\/posts"}],"about":[{"href":"https:\/\/diariodigitalmx.com\/index.php\/wp-json\/wp\/v2\/types\/post"}],"author":[{"embeddable":true,"href":"https:\/\/diariodigitalmx.com\/index.php\/wp-json\/wp\/v2\/users\/1"}],"replies":[{"embeddable":true,"href":"https:\/\/diariodigitalmx.com\/index.php\/wp-json\/wp\/v2\/comments?post=98901"}],"version-history":[{"count":3,"href":"https:\/\/diariodigitalmx.com\/index.php\/wp-json\/wp\/v2\/posts\/98901\/revisions"}],"predecessor-version":[{"id":98908,"href":"https:\/\/diariodigitalmx.com\/index.php\/wp-json\/wp\/v2\/posts\/98901\/revisions\/98908"}],"wp:featuredmedia":[{"embeddable":true,"href":"https:\/\/diariodigitalmx.com\/index.php\/wp-json\/wp\/v2\/media\/98903"}],"wp:attachment":[{"href":"https:\/\/diariodigitalmx.com\/index.php\/wp-json\/wp\/v2\/media?parent=98901"}],"wp:term":[{"taxonomy":"category","embeddable":true,"href":"https:\/\/diariodigitalmx.com\/index.php\/wp-json\/wp\/v2\/categories?post=98901"},{"taxonomy":"post_tag","embeddable":true,"href":"https:\/\/diariodigitalmx.com\/index.php\/wp-json\/wp\/v2\/tags?post=98901"}],"curies":[{"name":"wp","href":"https:\/\/api.w.org\/{rel}","templated":true}]}}