{"id":9891,"date":"2019-08-14T21:42:08","date_gmt":"2019-08-15T02:42:08","guid":{"rendered":"http:\/\/diariodigitalmx.com\/?p=9891"},"modified":"2019-08-14T21:59:11","modified_gmt":"2019-08-15T02:59:11","slug":"lleva-asociaciones-vecinales-de-la-frocnl-paquetes-escolares-a-garcia-y-colonia-obrera-en-monterrey","status":"publish","type":"post","link":"https:\/\/diariodigitalmx.com\/index.php\/2019\/08\/14\/lleva-asociaciones-vecinales-de-la-frocnl-paquetes-escolares-a-garcia-y-colonia-obrera-en-monterrey\/","title":{"rendered":"Lleva Asociaciones Vecinales de la FROCNL, paquetes escolares a Garc\u00eda y colonia Obrera en Monterrey"},"content":{"rendered":"\n<p>*Se mantiene el compromiso de trabajar con libertad al lado de la gente: Osvaldo Serna Serv\u00edn<\/p>\n\n\n\n<p>*El dirigente estatal de las Asociaciones Vecinales dice que el movimiento social de las familias nadie lo para y lleg\u00f3 para quedarse<\/p>\n\n\n\n<figure class=\"wp-block-image\"><img loading=\"lazy\" decoding=\"async\" width=\"1024\" height=\"576\" src=\"http:\/\/diariodigitalmx.com\/wp-content\/uploads\/2019\/08\/IMG-20190814-WA0046-1024x576.jpg\" alt=\"\" class=\"wp-image-9895\" srcset=\"https:\/\/diariodigitalmx.com\/wp-content\/uploads\/2019\/08\/IMG-20190814-WA0046-1024x576.jpg 1024w, https:\/\/diariodigitalmx.com\/wp-content\/uploads\/2019\/08\/IMG-20190814-WA0046-300x169.jpg 300w, https:\/\/diariodigitalmx.com\/wp-content\/uploads\/2019\/08\/IMG-20190814-WA0046-768x432.jpg 768w, https:\/\/diariodigitalmx.com\/wp-content\/uploads\/2019\/08\/IMG-20190814-WA0046.jpg 1032w\" sizes=\"(max-width: 1024px) 100vw, 1024px\" \/><\/figure>\n\n\n\n<p>En la v\u00edspera del inicio de clases, cientos de familias del municipio de Garc\u00eda y de la colonia Obrera, en Monterrey, recibieron paquetes escolares para los peque\u00f1os estudiantes.<br><\/p>\n\n\n\n<p>En la legendaria colonia Obrera, origen de la familia Serna Serv\u00edn, el presidente de las Asociaciones Vecinales de la FROC, Osvaldo Serna Serv\u00edn entreg\u00f3 los apoyos a familias y sus hijos.<\/p>\n\n\n\n<p><br><\/p>\n\n\n\n<figure class=\"wp-block-image\"><img loading=\"lazy\" decoding=\"async\" width=\"768\" height=\"1024\" src=\"http:\/\/diariodigitalmx.com\/wp-content\/uploads\/2019\/08\/IMG-20190814-WA0013-768x1024.jpg\" alt=\"\" class=\"wp-image-9898\" srcset=\"https:\/\/diariodigitalmx.com\/wp-content\/uploads\/2019\/08\/IMG-20190814-WA0013-768x1024.jpg 768w, https:\/\/diariodigitalmx.com\/wp-content\/uploads\/2019\/08\/IMG-20190814-WA0013-225x300.jpg 225w, https:\/\/diariodigitalmx.com\/wp-content\/uploads\/2019\/08\/IMG-20190814-WA0013.jpg 864w\" sizes=\"(max-width: 768px) 100vw, 768px\" \/><\/figure>\n\n\n\n<p>Acompa\u00f1ado del regidor por Monterrey, de extracci\u00f3n croquista Rub\u00e9n Basaldua, agradecieron al alcalde regiomontano Adri\u00e1n de la Garza por la canalizaci\u00f3n de los paquetes electorales que benefician a los estudiantes.<br><\/p>\n\n\n\n<p>En la Obrera, se cont\u00f3 con la presencia de entusiastas personas como la licenciada Claudia Veloz, la se\u00f1ora Popis Cerda y Jorge Cerda, respectivamente.<\/p>\n\n\n\n<p><br><\/p>\n\n\n\n<figure class=\"wp-block-image\"><img loading=\"lazy\" decoding=\"async\" width=\"1024\" height=\"768\" src=\"http:\/\/diariodigitalmx.com\/wp-content\/uploads\/2019\/08\/IMG-20190814-WA0012-1024x768.jpg\" alt=\"\" class=\"wp-image-9901\" srcset=\"https:\/\/diariodigitalmx.com\/wp-content\/uploads\/2019\/08\/IMG-20190814-WA0012-1024x768.jpg 1024w, https:\/\/diariodigitalmx.com\/wp-content\/uploads\/2019\/08\/IMG-20190814-WA0012-300x225.jpg 300w, https:\/\/diariodigitalmx.com\/wp-content\/uploads\/2019\/08\/IMG-20190814-WA0012-768x576.jpg 768w, https:\/\/diariodigitalmx.com\/wp-content\/uploads\/2019\/08\/IMG-20190814-WA0012.jpg 1152w\" sizes=\"(max-width: 1024px) 100vw, 1024px\" \/><\/figure>\n\n\n\n<p>Y en la colonia Villas de San Mart\u00edn, en el municipio de Garc\u00eda, el equipo de las Asociaciones Vecinales encabezado por Osvaldo Serna se traslad\u00f3 para tambi\u00e9n entregar paquetes escolares a las familias.<br><\/p>\n\n\n\n<p>Ah\u00ed la coordinadora de las Asociaciones Vecinales de ese sector, Febe de la Cruz Ram\u00edrez y Arturo Luevano, de la Secci\u00f3n 1 de Taxis, as\u00ed como la licenciada Yaneth Almaguer apoyaron en el evento y mostraron su solidaridad con las familias.<\/p>\n\n\n\n<p><br><\/p>\n\n\n\n<figure class=\"wp-block-image\"><img loading=\"lazy\" decoding=\"async\" width=\"1024\" height=\"576\" src=\"http:\/\/diariodigitalmx.com\/wp-content\/uploads\/2019\/08\/IMG-20190814-WA0047-1024x576.jpg\" alt=\"\" class=\"wp-image-9904\" srcset=\"https:\/\/diariodigitalmx.com\/wp-content\/uploads\/2019\/08\/IMG-20190814-WA0047-1024x576.jpg 1024w, https:\/\/diariodigitalmx.com\/wp-content\/uploads\/2019\/08\/IMG-20190814-WA0047-300x169.jpg 300w, https:\/\/diariodigitalmx.com\/wp-content\/uploads\/2019\/08\/IMG-20190814-WA0047-768x432.jpg 768w, https:\/\/diariodigitalmx.com\/wp-content\/uploads\/2019\/08\/IMG-20190814-WA0047.jpg 1032w\" sizes=\"(max-width: 1024px) 100vw, 1024px\" \/><\/figure>\n\n\n\n<p>Osvaldo Serna tambi\u00e9n agradeci\u00f3 al alcalde de Garc\u00eda, Carlos Guevara el que haya apoyado a las familias y se solidarice con las asociaciones vecinales en esta nueva forma de responsabilidad social de la FROC que encabeza en el estado, C\u00e9sar Alberto Serna de Le\u00f3n.<\/p>\n\n\n\n<p><br><\/p>\n\n\n\n<figure class=\"wp-block-image\"><img loading=\"lazy\" decoding=\"async\" width=\"576\" height=\"1024\" src=\"http:\/\/diariodigitalmx.com\/wp-content\/uploads\/2019\/08\/IMG-20190814-WA0067-576x1024.jpg\" alt=\"\" class=\"wp-image-9906\" srcset=\"https:\/\/diariodigitalmx.com\/wp-content\/uploads\/2019\/08\/IMG-20190814-WA0067-576x1024.jpg 576w, https:\/\/diariodigitalmx.com\/wp-content\/uploads\/2019\/08\/IMG-20190814-WA0067-169x300.jpg 169w, https:\/\/diariodigitalmx.com\/wp-content\/uploads\/2019\/08\/IMG-20190814-WA0067.jpg 581w\" sizes=\"(max-width: 576px) 100vw, 576px\" \/><\/figure>\n\n\n\n<p>Las asociaciones vecinales a punto de cumplir dos a\u00f1os de trabajo cercano a la gente seguir\u00e1 en su compromiso de participar con las brigadas sociales y al mismo tiempo buscar junto con los vecinos soluciones a los problemas que se presenten, inform\u00f3 Osvaldo Serna Serv\u00edn.<br><\/p>\n\n\n\n<p><\/p>\n\n\n\n<p> <\/p>\n\n\n\n<figure class=\"wp-block-image\"><img loading=\"lazy\" decoding=\"async\" width=\"576\" height=\"1024\" src=\"http:\/\/diariodigitalmx.com\/wp-content\/uploads\/2019\/08\/IMG-20190814-WA0056-576x1024.jpg\" alt=\"\" class=\"wp-image-9908\" srcset=\"https:\/\/diariodigitalmx.com\/wp-content\/uploads\/2019\/08\/IMG-20190814-WA0056-576x1024.jpg 576w, https:\/\/diariodigitalmx.com\/wp-content\/uploads\/2019\/08\/IMG-20190814-WA0056-169x300.jpg 169w, https:\/\/diariodigitalmx.com\/wp-content\/uploads\/2019\/08\/IMG-20190814-WA0056.jpg 581w\" sizes=\"(max-width: 576px) 100vw, 576px\" \/><\/figure>\n\n\n\n<ul class=\"wp-block-gallery columns-1 is-cropped wp-block-gallery-1 is-layout-flex wp-block-gallery-is-layout-flex\"><li class=\"blocks-gallery-item\"><figure><img loading=\"lazy\" decoding=\"async\" width=\"1024\" height=\"576\" src=\"http:\/\/diariodigitalmx.com\/wp-content\/uploads\/2019\/08\/IMG-20190814-WA0050-1024x576.jpg\" alt=\"\" data-id=\"9911\" data-link=\"http:\/\/diariodigitalmx.com\/index.php\/2019\/08\/14\/lleva-asociaciones-vecinales-de-la-frocnl-paquetes-escolares-a-garcia-y-colonia-obrera-en-monterrey\/img-20190814-wa0050\/\" class=\"wp-image-9911\" srcset=\"https:\/\/diariodigitalmx.com\/wp-content\/uploads\/2019\/08\/IMG-20190814-WA0050-1024x576.jpg 1024w, https:\/\/diariodigitalmx.com\/wp-content\/uploads\/2019\/08\/IMG-20190814-WA0050-300x169.jpg 300w, https:\/\/diariodigitalmx.com\/wp-content\/uploads\/2019\/08\/IMG-20190814-WA0050-768x432.jpg 768w, https:\/\/diariodigitalmx.com\/wp-content\/uploads\/2019\/08\/IMG-20190814-WA0050.jpg 1032w\" sizes=\"(max-width: 1024px) 100vw, 1024px\" \/><\/figure><\/li><\/ul>\n\n\n\n<ul class=\"wp-block-gallery columns-1 is-cropped wp-block-gallery-2 is-layout-flex wp-block-gallery-is-layout-flex\"><li class=\"blocks-gallery-item\"><figure><img loading=\"lazy\" decoding=\"async\" width=\"1024\" height=\"576\" src=\"http:\/\/diariodigitalmx.com\/wp-content\/uploads\/2019\/08\/IMG-20190814-WA0054-1024x576.jpg\" alt=\"\" data-id=\"9914\" data-link=\"http:\/\/diariodigitalmx.com\/index.php\/2019\/08\/14\/lleva-asociaciones-vecinales-de-la-frocnl-paquetes-escolares-a-garcia-y-colonia-obrera-en-monterrey\/img-20190814-wa0054\/\" class=\"wp-image-9914\" srcset=\"https:\/\/diariodigitalmx.com\/wp-content\/uploads\/2019\/08\/IMG-20190814-WA0054-1024x576.jpg 1024w, https:\/\/diariodigitalmx.com\/wp-content\/uploads\/2019\/08\/IMG-20190814-WA0054-300x169.jpg 300w, https:\/\/diariodigitalmx.com\/wp-content\/uploads\/2019\/08\/IMG-20190814-WA0054-768x432.jpg 768w, https:\/\/diariodigitalmx.com\/wp-content\/uploads\/2019\/08\/IMG-20190814-WA0054.jpg 1032w\" sizes=\"(max-width: 1024px) 100vw, 1024px\" \/><\/figure><\/li><\/ul>\n\n\n\n<figure class=\"wp-block-image\"><img loading=\"lazy\" decoding=\"async\" width=\"1024\" height=\"576\" src=\"http:\/\/diariodigitalmx.com\/wp-content\/uploads\/2019\/08\/IMG-20190814-WA0053-1024x576.jpg\" alt=\"\" class=\"wp-image-9917\" srcset=\"https:\/\/diariodigitalmx.com\/wp-content\/uploads\/2019\/08\/IMG-20190814-WA0053-1024x576.jpg 1024w, https:\/\/diariodigitalmx.com\/wp-content\/uploads\/2019\/08\/IMG-20190814-WA0053-300x169.jpg 300w, https:\/\/diariodigitalmx.com\/wp-content\/uploads\/2019\/08\/IMG-20190814-WA0053-768x432.jpg 768w, https:\/\/diariodigitalmx.com\/wp-content\/uploads\/2019\/08\/IMG-20190814-WA0053.jpg 1032w\" sizes=\"(max-width: 1024px) 100vw, 1024px\" \/><\/figure>\n\n\n\n<figure class=\"wp-block-image\"><img loading=\"lazy\" decoding=\"async\" width=\"576\" height=\"1024\" src=\"http:\/\/diariodigitalmx.com\/wp-content\/uploads\/2019\/08\/IMG-20190814-WA0055-576x1024.jpg\" alt=\"\" class=\"wp-image-9920\" srcset=\"https:\/\/diariodigitalmx.com\/wp-content\/uploads\/2019\/08\/IMG-20190814-WA0055-576x1024.jpg 576w, https:\/\/diariodigitalmx.com\/wp-content\/uploads\/2019\/08\/IMG-20190814-WA0055-169x300.jpg 169w, https:\/\/diariodigitalmx.com\/wp-content\/uploads\/2019\/08\/IMG-20190814-WA0055.jpg 581w\" sizes=\"(max-width: 576px) 100vw, 576px\" \/><\/figure>\n\n\n\n<figure class=\"wp-block-image\"><img loading=\"lazy\" decoding=\"async\" width=\"768\" height=\"1024\" src=\"http:\/\/diariodigitalmx.com\/wp-content\/uploads\/2019\/08\/IMG-20190814-WA0015-768x1024.jpg\" alt=\"\" class=\"wp-image-9923\" srcset=\"https:\/\/diariodigitalmx.com\/wp-content\/uploads\/2019\/08\/IMG-20190814-WA0015-768x1024.jpg 768w, https:\/\/diariodigitalmx.com\/wp-content\/uploads\/2019\/08\/IMG-20190814-WA0015-225x300.jpg 225w, https:\/\/diariodigitalmx.com\/wp-content\/uploads\/2019\/08\/IMG-20190814-WA0015.jpg 864w\" sizes=\"(max-width: 768px) 100vw, 768px\" \/><\/figure>\n\n\n\n<figure class=\"wp-block-image\"><img loading=\"lazy\" decoding=\"async\" width=\"1024\" height=\"576\" src=\"http:\/\/diariodigitalmx.com\/wp-content\/uploads\/2019\/08\/IMG-20190814-WA0051-1024x576.jpg\" alt=\"\" class=\"wp-image-9926\" srcset=\"https:\/\/diariodigitalmx.com\/wp-content\/uploads\/2019\/08\/IMG-20190814-WA0051-1024x576.jpg 1024w, https:\/\/diariodigitalmx.com\/wp-content\/uploads\/2019\/08\/IMG-20190814-WA0051-300x169.jpg 300w, https:\/\/diariodigitalmx.com\/wp-content\/uploads\/2019\/08\/IMG-20190814-WA0051-768x432.jpg 768w, https:\/\/diariodigitalmx.com\/wp-content\/uploads\/2019\/08\/IMG-20190814-WA0051.jpg 1032w\" sizes=\"(max-width: 1024px) 100vw, 1024px\" \/><\/figure>\n","protected":false},"excerpt":{"rendered":"<p>*Se mantiene el compromiso de trabajar con libertad al lado de la gente: Osvaldo Serna Serv\u00edn *El dirigente estatal de las Asociaciones Vecinales dice que el movimiento social de las familias nadie lo para y lleg\u00f3 para quedarse En la v\u00edspera del inicio de clases, cientos de familias del municipio de Garc\u00eda y de la [&hellip;]<\/p>\n","protected":false},"author":1,"featured_media":9893,"comment_status":"open","ping_status":"open","sticky":true,"template":"","format":"standard","meta":{"footnotes":""},"categories":[6],"tags":[],"_links":{"self":[{"href":"https:\/\/diariodigitalmx.com\/index.php\/wp-json\/wp\/v2\/posts\/9891"}],"collection":[{"href":"https:\/\/diariodigitalmx.com\/index.php\/wp-json\/wp\/v2\/posts"}],"about":[{"href":"https:\/\/diariodigitalmx.com\/index.php\/wp-json\/wp\/v2\/types\/post"}],"author":[{"embeddable":true,"href":"https:\/\/diariodigitalmx.com\/index.php\/wp-json\/wp\/v2\/users\/1"}],"replies":[{"embeddable":true,"href":"https:\/\/diariodigitalmx.com\/index.php\/wp-json\/wp\/v2\/comments?post=9891"}],"version-history":[{"count":13,"href":"https:\/\/diariodigitalmx.com\/index.php\/wp-json\/wp\/v2\/posts\/9891\/revisions"}],"predecessor-version":[{"id":9927,"href":"https:\/\/diariodigitalmx.com\/index.php\/wp-json\/wp\/v2\/posts\/9891\/revisions\/9927"}],"wp:featuredmedia":[{"embeddable":true,"href":"https:\/\/diariodigitalmx.com\/index.php\/wp-json\/wp\/v2\/media\/9893"}],"wp:attachment":[{"href":"https:\/\/diariodigitalmx.com\/index.php\/wp-json\/wp\/v2\/media?parent=9891"}],"wp:term":[{"taxonomy":"category","embeddable":true,"href":"https:\/\/diariodigitalmx.com\/index.php\/wp-json\/wp\/v2\/categories?post=9891"},{"taxonomy":"post_tag","embeddable":true,"href":"https:\/\/diariodigitalmx.com\/index.php\/wp-json\/wp\/v2\/tags?post=9891"}],"curies":[{"name":"wp","href":"https:\/\/api.w.org\/{rel}","templated":true}]}}