{"id":98946,"date":"2023-05-30T16:04:32","date_gmt":"2023-05-30T21:04:32","guid":{"rendered":"http:\/\/diariodigitalmx.com\/?p=98946"},"modified":"2023-05-30T16:06:47","modified_gmt":"2023-05-30T21:06:47","slug":"crimen-de-estado-muerte-de-menor-en-dif-de-nl-dictamina-derechos-humanos","status":"publish","type":"post","link":"https:\/\/diariodigitalmx.com\/index.php\/2023\/05\/30\/crimen-de-estado-muerte-de-menor-en-dif-de-nl-dictamina-derechos-humanos\/","title":{"rendered":"Crimen de Estado, muerte de menor en DIF de NL, dictamina Derechos Humanos"},"content":{"rendered":"\n<p><br>Monterrey . &#8211; La Comisi\u00f3n Estatal de Derechos Humanos concluy\u00f3 que la muerte de \u00c1ngel Manuel Moreno, de 14 a\u00f1os en el DIF Fabriles, fue un crimen de Estado.<br>Ante ello, emiti\u00f3 una recomendaci\u00f3n especial para que se ofrezca una disculpa p\u00fablica, dos memoriales y una compensaci\u00f3n econ\u00f3mica por la muerte del adolescente el pasado 9 de febrero de 2022.<br>Olga Susana M\u00e9ndez, presidenta de la CEDH dijo que la recomendaci\u00f3n es<br>por violaciones graves a los derechos humanos del adolescente<br>&#8220;Esta recomendaci\u00f3n tiene fundamento en nuestro marco jur\u00eddico nacional, pero tambi\u00e9n de sustenta en criterios de la Corte Interamericana y diversos instrumentos internacionales e incluso se considera un crimen de Estado&#8221;, coment\u00f3 la presidenta de la CEDH.<br>Las recomendaciones deber\u00e1n concretarse en un plazo m\u00e1ximo seis meses.<br>&#8220;Pareciera que el aparato estatal se volc\u00f3 por encubr\u00ed todos estos actos&#8221;, se\u00f1al\u00f3 a su vez Jos\u00e9 Antonio Garza L\u00f3pez, segundo visitador general de la CEDH.<\/p>\n\n\n\n<figure class=\"wp-block-image size-large\"><img loading=\"lazy\" decoding=\"async\" width=\"1024\" height=\"1024\" src=\"http:\/\/diariodigitalmx.com\/wp-content\/uploads\/2023\/05\/IMG_20230530_150307_244-1024x1024.webp\" alt=\"\" class=\"wp-image-98950\" srcset=\"https:\/\/diariodigitalmx.com\/wp-content\/uploads\/2023\/05\/IMG_20230530_150307_244-1024x1024.webp 1024w, https:\/\/diariodigitalmx.com\/wp-content\/uploads\/2023\/05\/IMG_20230530_150307_244-300x300.webp 300w, https:\/\/diariodigitalmx.com\/wp-content\/uploads\/2023\/05\/IMG_20230530_150307_244-150x150.webp 150w, https:\/\/diariodigitalmx.com\/wp-content\/uploads\/2023\/05\/IMG_20230530_150307_244-768x768.webp 768w, https:\/\/diariodigitalmx.com\/wp-content\/uploads\/2023\/05\/IMG_20230530_150307_244.webp 1066w\" sizes=\"(max-width: 1024px) 100vw, 1024px\" \/><\/figure>\n\n\n\n<p>&#8220;El caso de \u00c1ngel pone de manifiesto la vulnerabilidad en la que se encuentran las personas Infantes y adolescentes que carecen de un m\u00e9todo familiar y estas personas se encuentran institucionalizadas en los centros de asistencia social&#8221;, a\u00f1adi\u00f3.<br>INVOLUCRADO DIRIGENTE DE MC; HAY DOS VINCULADOS A PROCESO<br>La imputaci\u00f3n solicitada por el Ministerio P\u00fablico se deriva de conductas cometidas<br>Dos ex funcionarios del DIF Fabriles, Mauricio Miguel \u2018N\u2019 y Raymundo Francisco \u2018N\u2019, estan vinculados a proceso, el primero por el delito de encubrimiento y, al segundo por homicidio.<br>Hay un tercero, a quien se le identifica como Miguel \u00c1ngel \u2018N\u2019, pero que es Miguel \u00c1ngel S\u00e1nchez, quien en ese tiempo era el director del DIF, y ahora es el dirigente del Partido Movimiento Ciudadano en la entidad. No pudo ser imputado debido a que present\u00f3 una suspensi\u00f3n de amparo.<br>Raymundo Francisco \u2018N\u2019, probable responsable del delito de homicidio del menor, no ha sido localizado por la Agencia Estatal de Investigaciones por lo que se considera pr\u00f3fugo de la justicia, mientras Mauricio deber\u00e1 acudir a firmar en forma peri\u00f3dica.<\/p>\n\n\n\n<figure class=\"wp-block-image size-large\"><img loading=\"lazy\" decoding=\"async\" width=\"1024\" height=\"1024\" src=\"http:\/\/diariodigitalmx.com\/wp-content\/uploads\/2023\/05\/IMG_20230530_150307_114-1024x1024.webp\" alt=\"\" class=\"wp-image-98952\" srcset=\"https:\/\/diariodigitalmx.com\/wp-content\/uploads\/2023\/05\/IMG_20230530_150307_114-1024x1024.webp 1024w, https:\/\/diariodigitalmx.com\/wp-content\/uploads\/2023\/05\/IMG_20230530_150307_114-300x300.webp 300w, https:\/\/diariodigitalmx.com\/wp-content\/uploads\/2023\/05\/IMG_20230530_150307_114-150x150.webp 150w, https:\/\/diariodigitalmx.com\/wp-content\/uploads\/2023\/05\/IMG_20230530_150307_114-768x768.webp 768w, https:\/\/diariodigitalmx.com\/wp-content\/uploads\/2023\/05\/IMG_20230530_150307_114.webp 1080w\" sizes=\"(max-width: 1024px) 100vw, 1024px\" \/><\/figure>\n\n\n\n<p>De acuerdo a la investigaci\u00f3n, el d\u00eda 8 de febrero de 2022, el menor se encontraba en un espacio al aire libre del Albergue Fabriles cuando sufri\u00f3 una crisis derivada de un trastorno previamente diagnosticado, y Raymundo Francisco \u2018N\u2019 golpe\u00f3 su cara con pu\u00f1o cerrado, cayendo el menor al suelo, donde posteriormente el imputado dejo caer su rodilla con todo su peso, provocando instant\u00e1neamente v\u00f3mito y dolor abdominal, s\u00edntomas a los que durante las horas siguientes se sumaron los de debilidad, palidez, labios azulados, sudoraci\u00f3n fr\u00eda y hundimiento de ojos, hasta ocurrir la muerte del menor que se concluye tuvo origen en un shock hipovol\u00e9mico a ra\u00edz de los golpes.<br>Luego Mauricio Miguel gir\u00f3 instrucciones para eliminar fichas informativas elaboradas por elementos de seguridad de la instituci\u00f3n y orden\u00f3 la eliminaci\u00f3n de fotos, videos y mensajes, as\u00ed como la manipulaci\u00f3n del sistema de circuito cerrado de la misma instituci\u00f3n. A esta persona tambi\u00e9n se le atribuye la omisi\u00f3n de reportar la muerte del menor a las autoridades correspondientes y ordenar un servicio funerario, incluida la incineraci\u00f3n del cuerpo, sin haberse practicado una autopsia, esto con el fin de obstruir la investigaci\u00f3n de los hechos.<br>El DIF Fabriles se localiza en Monterrey en la colonia del mismo nombre.<\/p>\n","protected":false},"excerpt":{"rendered":"<p>Monterrey . &#8211; La Comisi\u00f3n Estatal de Derechos Humanos concluy\u00f3 que la muerte de \u00c1ngel Manuel Moreno, de 14 a\u00f1os en el DIF Fabriles, fue un crimen de Estado.Ante ello, emiti\u00f3 una recomendaci\u00f3n especial para que se ofrezca una disculpa p\u00fablica, dos memoriales y una compensaci\u00f3n econ\u00f3mica por la muerte del adolescente el pasado 9 [&hellip;]<\/p>\n","protected":false},"author":1,"featured_media":98949,"comment_status":"open","ping_status":"open","sticky":true,"template":"","format":"standard","meta":{"footnotes":""},"categories":[6,3],"tags":[],"_links":{"self":[{"href":"https:\/\/diariodigitalmx.com\/index.php\/wp-json\/wp\/v2\/posts\/98946"}],"collection":[{"href":"https:\/\/diariodigitalmx.com\/index.php\/wp-json\/wp\/v2\/posts"}],"about":[{"href":"https:\/\/diariodigitalmx.com\/index.php\/wp-json\/wp\/v2\/types\/post"}],"author":[{"embeddable":true,"href":"https:\/\/diariodigitalmx.com\/index.php\/wp-json\/wp\/v2\/users\/1"}],"replies":[{"embeddable":true,"href":"https:\/\/diariodigitalmx.com\/index.php\/wp-json\/wp\/v2\/comments?post=98946"}],"version-history":[{"count":3,"href":"https:\/\/diariodigitalmx.com\/index.php\/wp-json\/wp\/v2\/posts\/98946\/revisions"}],"predecessor-version":[{"id":98954,"href":"https:\/\/diariodigitalmx.com\/index.php\/wp-json\/wp\/v2\/posts\/98946\/revisions\/98954"}],"wp:featuredmedia":[{"embeddable":true,"href":"https:\/\/diariodigitalmx.com\/index.php\/wp-json\/wp\/v2\/media\/98949"}],"wp:attachment":[{"href":"https:\/\/diariodigitalmx.com\/index.php\/wp-json\/wp\/v2\/media?parent=98946"}],"wp:term":[{"taxonomy":"category","embeddable":true,"href":"https:\/\/diariodigitalmx.com\/index.php\/wp-json\/wp\/v2\/categories?post=98946"},{"taxonomy":"post_tag","embeddable":true,"href":"https:\/\/diariodigitalmx.com\/index.php\/wp-json\/wp\/v2\/tags?post=98946"}],"curies":[{"name":"wp","href":"https:\/\/api.w.org\/{rel}","templated":true}]}}