{"id":98977,"date":"2023-05-30T19:34:05","date_gmt":"2023-05-31T00:34:05","guid":{"rendered":"http:\/\/diariodigitalmx.com\/?p=98977"},"modified":"2023-05-30T19:35:16","modified_gmt":"2023-05-31T00:35:16","slug":"arranca-en-juarez-ciudad-de-la-salud","status":"publish","type":"post","link":"https:\/\/diariodigitalmx.com\/index.php\/2023\/05\/30\/arranca-en-juarez-ciudad-de-la-salud\/","title":{"rendered":"Arranca en Ju\u00e1rez,  Ciudad de la Salud"},"content":{"rendered":"\n<p>Para que todos los juarenses tengan acceso a un servicio m\u00e9dico de calidad, el Alcalde Francisco Trevi\u00f1o inaugur\u00f3 la Ciudad de la Salud, la cu\u00e1l tuvo un costo de 8.5 Millones de pesos.<\/p>\n\n\n\n<p>Se trata de un complejo ubicado en la Colonia Vistas del R\u00edo donde hay especialistas en geriatr\u00eda, pediatr\u00eda y salud visual, adem\u00e1s de medicina interna, Rayos X y estudios de laboratorio, estos \u00faltimos con un costo m\u00ednimo.<\/p>\n\n\n\n<p>En el evento el Presidente Municipal estuvo acompa\u00f1ado de su esposa y Presidenta del DIF municipal, Adriana de la Garza, funcionarios municipales y vecinos de la zona.<\/p>\n\n\n\n<figure class=\"wp-block-image size-large\"><img loading=\"lazy\" decoding=\"async\" width=\"1024\" height=\"682\" src=\"http:\/\/diariodigitalmx.com\/wp-content\/uploads\/2023\/05\/IMG-20230530-WA0100-1024x682.jpg\" alt=\"\" class=\"wp-image-98980\" srcset=\"https:\/\/diariodigitalmx.com\/wp-content\/uploads\/2023\/05\/IMG-20230530-WA0100-1024x682.jpg 1024w, https:\/\/diariodigitalmx.com\/wp-content\/uploads\/2023\/05\/IMG-20230530-WA0100-300x200.jpg 300w, https:\/\/diariodigitalmx.com\/wp-content\/uploads\/2023\/05\/IMG-20230530-WA0100-768x512.jpg 768w, https:\/\/diariodigitalmx.com\/wp-content\/uploads\/2023\/05\/IMG-20230530-WA0100-1536x1023.jpg 1536w, https:\/\/diariodigitalmx.com\/wp-content\/uploads\/2023\/05\/IMG-20230530-WA0100.jpg 1600w\" sizes=\"(max-width: 1024px) 100vw, 1024px\" \/><\/figure>\n\n\n\n<p>Paco Trevi\u00f1o anunci\u00f3 que est\u00e1n trabajando en un proyecto para lanzar las Farmacias de la Gente, donde se ofrecer\u00e1n medicamentos a bajo costo.<\/p>\n","protected":false},"excerpt":{"rendered":"<p>Para que todos los juarenses tengan acceso a un servicio m\u00e9dico de calidad, el Alcalde Francisco Trevi\u00f1o inaugur\u00f3 la Ciudad de la Salud, la cu\u00e1l tuvo un costo de 8.5 Millones de pesos. Se trata de un complejo ubicado en la Colonia Vistas del R\u00edo donde hay especialistas en geriatr\u00eda, pediatr\u00eda y salud visual, adem\u00e1s [&hellip;]<\/p>\n","protected":false},"author":1,"featured_media":98979,"comment_status":"open","ping_status":"open","sticky":true,"template":"","format":"standard","meta":{"footnotes":""},"categories":[6,5],"tags":[],"_links":{"self":[{"href":"https:\/\/diariodigitalmx.com\/index.php\/wp-json\/wp\/v2\/posts\/98977"}],"collection":[{"href":"https:\/\/diariodigitalmx.com\/index.php\/wp-json\/wp\/v2\/posts"}],"about":[{"href":"https:\/\/diariodigitalmx.com\/index.php\/wp-json\/wp\/v2\/types\/post"}],"author":[{"embeddable":true,"href":"https:\/\/diariodigitalmx.com\/index.php\/wp-json\/wp\/v2\/users\/1"}],"replies":[{"embeddable":true,"href":"https:\/\/diariodigitalmx.com\/index.php\/wp-json\/wp\/v2\/comments?post=98977"}],"version-history":[{"count":2,"href":"https:\/\/diariodigitalmx.com\/index.php\/wp-json\/wp\/v2\/posts\/98977\/revisions"}],"predecessor-version":[{"id":98982,"href":"https:\/\/diariodigitalmx.com\/index.php\/wp-json\/wp\/v2\/posts\/98977\/revisions\/98982"}],"wp:featuredmedia":[{"embeddable":true,"href":"https:\/\/diariodigitalmx.com\/index.php\/wp-json\/wp\/v2\/media\/98979"}],"wp:attachment":[{"href":"https:\/\/diariodigitalmx.com\/index.php\/wp-json\/wp\/v2\/media?parent=98977"}],"wp:term":[{"taxonomy":"category","embeddable":true,"href":"https:\/\/diariodigitalmx.com\/index.php\/wp-json\/wp\/v2\/categories?post=98977"},{"taxonomy":"post_tag","embeddable":true,"href":"https:\/\/diariodigitalmx.com\/index.php\/wp-json\/wp\/v2\/tags?post=98977"}],"curies":[{"name":"wp","href":"https:\/\/api.w.org\/{rel}","templated":true}]}}