{"id":99054,"date":"2023-05-31T22:03:04","date_gmt":"2023-06-01T03:03:04","guid":{"rendered":"http:\/\/diariodigitalmx.com\/?p=99054"},"modified":"2023-05-31T22:04:17","modified_gmt":"2023-06-01T03:04:17","slug":"asi-va-el-caso-del-ataque-a-antro-cercano-al-tec-de-monterrey","status":"publish","type":"post","link":"https:\/\/diariodigitalmx.com\/index.php\/2023\/05\/31\/asi-va-el-caso-del-ataque-a-antro-cercano-al-tec-de-monterrey\/","title":{"rendered":"As\u00ed va el caso del ataque a antro cercano al Tec de Monterrey"},"content":{"rendered":"\n<p>Monterrey . &#8211; En el ataque a un bar donde murieron dos personas, fueron ocho y no cinco los lesionados, en tanto se atribuye la responsabilidad de los hechos a un a un grupo de la delincuencia organizada que opera en la regi\u00f3n.<\/p>\n\n\n\n<p>Luis Enrique Orozco, Vicefiscal del Ministerio P\u00fablico, inform\u00f3 que la principal l\u00ednea de investigaci\u00f3n es que los sicarios iban en contra del grupo de diez personas que estaban en el bar, pero no descart\u00f3 que se haya tratado de un ataque en contra del establecimiento por problemas de drogas o de piso.<\/p>\n\n\n\n<p>El bar Distrito F, se localiza en la Avenida del Estado, entre Fil\u00f3sofos y Agr\u00f3nomos, en la Colonia Tecnol\u00f3gico, a unos metros de la puerta principal del Tecnol\u00f3gico de Monterrey, y el ataque fue poco antes de las 07:00 horas del lunes 29 de mayo.<\/p>\n\n\n\n<p>De acuerdo al municipio de Monterrey, el negocio operaba fuera del horario permitido y tiene 95 actas de visita, adem\u00e1s de seis suspensiones vigentes -tres provisionales y tres definitivas- en contra de actos municipales, y gan\u00f3 un juicio de nulidad contra diversas actas de inspecci\u00f3n.<\/p>\n\n\n\n<p>El Vicefiscal abund\u00f3 que en realidad fueron ocho lesionados, tres hombres y cinco mujeres, de los cuales cuatro fueron dados de alta, tres siguen internados y uno permanece grave en un hospital.<\/p>\n\n\n\n<p>&#8220;se busca saber qu\u00e9 suced\u00eda en el bar, qu\u00e9 actividades se suscitaban, qu\u00e9 motivaba la presencia de estas personas y su permanencia hasta esas horas de la jornada&#8221;, agreg\u00f3 Orozco.<\/p>\n\n\n\n<p>El funcionario dice que una vez que se recolecten las evidencias se establecer\u00e1, como suponen, que en el interior de ese lugar se comet\u00edan actos il\u00edcitos.<\/p>\n\n\n\n<p>Al realizarse un cateo al bar recolectaron videos de las c\u00e1maras de seguridad y otros indicios que se a\u00f1adieron a la carpeta de investigaci\u00f3n.<\/p>\n\n\n\n<p>En el ataque falleci\u00f3 Ulises Jair, de 24 a\u00f1os y una adolescente que no fue identificada.<\/p>\n\n\n\n<p>Seg\u00fan el ayuntamiento de Monterrey, no puede actuar contra ese bar debido a que est\u00e1 amparado por la justicia federal.<\/p>\n\n\n\n<p>La zona eminentemente estudiantil tiene una serie de antros y negocios de comida en un tramo de la Avenida del Estado, muy cercano al campus del Tec de Monterrey.<\/p>\n","protected":false},"excerpt":{"rendered":"<p>Monterrey . &#8211; En el ataque a un bar donde murieron dos personas, fueron ocho y no cinco los lesionados, en tanto se atribuye la responsabilidad de los hechos a un a un grupo de la delincuencia organizada que opera en la regi\u00f3n. Luis Enrique Orozco, Vicefiscal del Ministerio P\u00fablico, inform\u00f3 que la principal l\u00ednea [&hellip;]<\/p>\n","protected":false},"author":1,"featured_media":99056,"comment_status":"open","ping_status":"open","sticky":true,"template":"","format":"standard","meta":{"footnotes":""},"categories":[3,7],"tags":[],"_links":{"self":[{"href":"https:\/\/diariodigitalmx.com\/index.php\/wp-json\/wp\/v2\/posts\/99054"}],"collection":[{"href":"https:\/\/diariodigitalmx.com\/index.php\/wp-json\/wp\/v2\/posts"}],"about":[{"href":"https:\/\/diariodigitalmx.com\/index.php\/wp-json\/wp\/v2\/types\/post"}],"author":[{"embeddable":true,"href":"https:\/\/diariodigitalmx.com\/index.php\/wp-json\/wp\/v2\/users\/1"}],"replies":[{"embeddable":true,"href":"https:\/\/diariodigitalmx.com\/index.php\/wp-json\/wp\/v2\/comments?post=99054"}],"version-history":[{"count":1,"href":"https:\/\/diariodigitalmx.com\/index.php\/wp-json\/wp\/v2\/posts\/99054\/revisions"}],"predecessor-version":[{"id":99055,"href":"https:\/\/diariodigitalmx.com\/index.php\/wp-json\/wp\/v2\/posts\/99054\/revisions\/99055"}],"wp:featuredmedia":[{"embeddable":true,"href":"https:\/\/diariodigitalmx.com\/index.php\/wp-json\/wp\/v2\/media\/99056"}],"wp:attachment":[{"href":"https:\/\/diariodigitalmx.com\/index.php\/wp-json\/wp\/v2\/media?parent=99054"}],"wp:term":[{"taxonomy":"category","embeddable":true,"href":"https:\/\/diariodigitalmx.com\/index.php\/wp-json\/wp\/v2\/categories?post=99054"},{"taxonomy":"post_tag","embeddable":true,"href":"https:\/\/diariodigitalmx.com\/index.php\/wp-json\/wp\/v2\/tags?post=99054"}],"curies":[{"name":"wp","href":"https:\/\/api.w.org\/{rel}","templated":true}]}}