{"id":99145,"date":"2023-06-01T22:31:57","date_gmt":"2023-06-02T03:31:57","guid":{"rendered":"http:\/\/diariodigitalmx.com\/?p=99145"},"modified":"2023-06-01T22:32:40","modified_gmt":"2023-06-02T03:32:40","slug":"amenazan-con-sancionar-al-auditor-estatal","status":"publish","type":"post","link":"https:\/\/diariodigitalmx.com\/index.php\/2023\/06\/01\/amenazan-con-sancionar-al-auditor-estatal\/","title":{"rendered":"Amenazan con sancionar al Auditor estatal"},"content":{"rendered":"\n<p><br>Por Rogelio Romero<br>Cd. Victoria, Tamaulipas.- El Congreso de Tamaulipas quiere sancionar econ\u00f3micamente al Auditor Superior del Estado, Jorge Espino Ascanio, por negarse a entregar informaci\u00f3n de 42 cuentas p\u00fablicas, y se le hizo saber, que de persistir en esa actitud, se adoptar\u00e1n medidas adicionales.<br>De acuerdo a lo se\u00f1alado por la diputada y presidenta de la Junta de Coordinaci\u00f3n Pol\u00edtica del Legislativo, \u00darsula Salazar Mojica, el funcionario debi\u00f3 entregar los pormenores de las cuentas p\u00fablicas que se le requirieron.<br>Las 42 cuentas a las que hace referencia la diputada Salazar Mojica fueron aprobadas v\u00eda \u201cexpres\u201d durante la pasada Legislatura, que en su mayor\u00eda era panista.<br>Los actuales diputados que son 16 de Morena, 3 independientes y uno de MC quieren revisar dichas cuentas p\u00fablicas, con el fin de saber si se cometieron irregulaidades en su manejo.<br>Salazar Mojica dijo que con la actitud tomada por el funcionario estatal, parecer\u00eda que; \u201cSigue siendo c\u00f3mplice de la corrupci\u00f3n que imper\u00f3 durante la pasada administraci\u00f3n panista\u201d.<\/p>\n","protected":false},"excerpt":{"rendered":"<p>Por Rogelio RomeroCd. Victoria, Tamaulipas.- El Congreso de Tamaulipas quiere sancionar econ\u00f3micamente al Auditor Superior del Estado, Jorge Espino Ascanio, por negarse a entregar informaci\u00f3n de 42 cuentas p\u00fablicas, y se le hizo saber, que de persistir en esa actitud, se adoptar\u00e1n medidas adicionales.De acuerdo a lo se\u00f1alado por la diputada y presidenta de la [&hellip;]<\/p>\n","protected":false},"author":1,"featured_media":99147,"comment_status":"open","ping_status":"open","sticky":true,"template":"","format":"standard","meta":{"footnotes":""},"categories":[14,19],"tags":[],"_links":{"self":[{"href":"https:\/\/diariodigitalmx.com\/index.php\/wp-json\/wp\/v2\/posts\/99145"}],"collection":[{"href":"https:\/\/diariodigitalmx.com\/index.php\/wp-json\/wp\/v2\/posts"}],"about":[{"href":"https:\/\/diariodigitalmx.com\/index.php\/wp-json\/wp\/v2\/types\/post"}],"author":[{"embeddable":true,"href":"https:\/\/diariodigitalmx.com\/index.php\/wp-json\/wp\/v2\/users\/1"}],"replies":[{"embeddable":true,"href":"https:\/\/diariodigitalmx.com\/index.php\/wp-json\/wp\/v2\/comments?post=99145"}],"version-history":[{"count":1,"href":"https:\/\/diariodigitalmx.com\/index.php\/wp-json\/wp\/v2\/posts\/99145\/revisions"}],"predecessor-version":[{"id":99146,"href":"https:\/\/diariodigitalmx.com\/index.php\/wp-json\/wp\/v2\/posts\/99145\/revisions\/99146"}],"wp:featuredmedia":[{"embeddable":true,"href":"https:\/\/diariodigitalmx.com\/index.php\/wp-json\/wp\/v2\/media\/99147"}],"wp:attachment":[{"href":"https:\/\/diariodigitalmx.com\/index.php\/wp-json\/wp\/v2\/media?parent=99145"}],"wp:term":[{"taxonomy":"category","embeddable":true,"href":"https:\/\/diariodigitalmx.com\/index.php\/wp-json\/wp\/v2\/categories?post=99145"},{"taxonomy":"post_tag","embeddable":true,"href":"https:\/\/diariodigitalmx.com\/index.php\/wp-json\/wp\/v2\/tags?post=99145"}],"curies":[{"name":"wp","href":"https:\/\/api.w.org\/{rel}","templated":true}]}}