{"id":993,"date":"2019-03-08T15:29:39","date_gmt":"2019-03-08T21:29:39","guid":{"rendered":"http:\/\/diariodigitalmx.com\/?p=993"},"modified":"2019-03-08T15:29:40","modified_gmt":"2019-03-08T21:29:40","slug":"firma-gobierno-de-san-nicolas-convenio-para-crear-distrito-urbano","status":"publish","type":"post","link":"https:\/\/diariodigitalmx.com\/index.php\/2019\/03\/08\/firma-gobierno-de-san-nicolas-convenio-para-crear-distrito-urbano\/","title":{"rendered":"Firma gobierno de San Nicol\u00e1s, convenio  para crear Distrito Urbano"},"content":{"rendered":"\n<p>Armando Galicia<\/p>\n\n\n\n<p>A fin de mejorar el entorno y disminuir el uso de los veh\u00edculos, el municipio de San Nicol\u00e1s firm\u00f3 un convenio con la Universidad Del Valle de M\u00e9xico para crear el proyecto de Movilidad denominado \u201cDistrito urbano\u201d.<\/p>\n\n\n\n<p><br>Tras el anuncio realizado ante decenas de j\u00f3venes de este instituto educativo, el alcalde Zeferino Salgado, mencion\u00f3 que objetivo es generar las condiciones para los j\u00f3venes puedan llegar a la universidad en bicicleta, caminando o utilizando otros medios que no sean los veh\u00edculos.<\/p>\n\n\n\n<p><br>En entrevista, resalt\u00f3 que el proyecto se har\u00e1 de manera conjunta con la universidad y organismos de la sociedad civil, destacando que en una primera etapa se realizaron los estudios informativos.<\/p>\n\n\n\n<p><br>\u201cYa terminamos la primera etapa que es de informaci\u00f3n, los estudiantes nos dijeron de d\u00f3nde vienen, por donde pasan, qu\u00e9 cami\u00f3n toman. Los que caminan, por qu\u00e9 calles caminan y con toda esa informaci\u00f3n vendr\u00e1 el estudio de qu\u00e9 hay que hacer.<\/p>\n\n\n\n<p><br>Por ejemplo, el ochenta y siente por ciento de los estudiantes viven a menos de cinco kil\u00f3metros, pero hay un veinte por ciento que puede venir en bicicleta, entonces vamos por ellos primero, porque si logramos que un veinte por ciento venga en bicicleta, camine o dem\u00e1s, y no use un veh\u00edculo automotor, ya la hicimos\u201d, subray\u00f3.<\/p>\n\n\n\n<p><br>En este sentido, inform\u00f3 que parte de estos proyectos es generar las condiciones de infraestructura vial, adecuadas, para que los j\u00f3venes puedan trasladarse de forma segura y f\u00e1cil. <\/p>\n","protected":false},"excerpt":{"rendered":"<p>Armando Galicia A fin de mejorar el entorno y disminuir el uso de los veh\u00edculos, el municipio de San Nicol\u00e1s firm\u00f3 un convenio con la Universidad Del Valle de M\u00e9xico para crear el proyecto de Movilidad denominado \u201cDistrito urbano\u201d. Tras el anuncio realizado ante decenas de j\u00f3venes de este instituto educativo, el alcalde Zeferino Salgado, [&hellip;]<\/p>\n","protected":false},"author":1,"featured_media":994,"comment_status":"open","ping_status":"open","sticky":true,"template":"","format":"standard","meta":{"footnotes":""},"categories":[6],"tags":[],"_links":{"self":[{"href":"https:\/\/diariodigitalmx.com\/index.php\/wp-json\/wp\/v2\/posts\/993"}],"collection":[{"href":"https:\/\/diariodigitalmx.com\/index.php\/wp-json\/wp\/v2\/posts"}],"about":[{"href":"https:\/\/diariodigitalmx.com\/index.php\/wp-json\/wp\/v2\/types\/post"}],"author":[{"embeddable":true,"href":"https:\/\/diariodigitalmx.com\/index.php\/wp-json\/wp\/v2\/users\/1"}],"replies":[{"embeddable":true,"href":"https:\/\/diariodigitalmx.com\/index.php\/wp-json\/wp\/v2\/comments?post=993"}],"version-history":[{"count":1,"href":"https:\/\/diariodigitalmx.com\/index.php\/wp-json\/wp\/v2\/posts\/993\/revisions"}],"predecessor-version":[{"id":995,"href":"https:\/\/diariodigitalmx.com\/index.php\/wp-json\/wp\/v2\/posts\/993\/revisions\/995"}],"wp:featuredmedia":[{"embeddable":true,"href":"https:\/\/diariodigitalmx.com\/index.php\/wp-json\/wp\/v2\/media\/994"}],"wp:attachment":[{"href":"https:\/\/diariodigitalmx.com\/index.php\/wp-json\/wp\/v2\/media?parent=993"}],"wp:term":[{"taxonomy":"category","embeddable":true,"href":"https:\/\/diariodigitalmx.com\/index.php\/wp-json\/wp\/v2\/categories?post=993"},{"taxonomy":"post_tag","embeddable":true,"href":"https:\/\/diariodigitalmx.com\/index.php\/wp-json\/wp\/v2\/tags?post=993"}],"curies":[{"name":"wp","href":"https:\/\/api.w.org\/{rel}","templated":true}]}}