{"id":99654,"date":"2023-06-11T21:30:12","date_gmt":"2023-06-12T02:30:12","guid":{"rendered":"http:\/\/diariodigitalmx.com\/?p=99654"},"modified":"2023-06-11T21:30:58","modified_gmt":"2023-06-12T02:30:58","slug":"sera","status":"publish","type":"post","link":"https:\/\/diariodigitalmx.com\/index.php\/2023\/06\/11\/sera\/","title":{"rendered":"Ser\u00e1"},"content":{"rendered":"\n<p>Rafael (Rafa) El\u00edas<\/p>\n\n\n\n<p>No s\u00e9 porqu\u00e9<br>Ser\u00e1 que veo Twitter y TikTok lleno, plagado, rebozante de chairos. Que el estado m\u00e1s importante del pa\u00eds eligi\u00f3 a la que probablemente sea la persona m\u00e1s incapaz, ignorante y corrupta que he visto (junto con el peje).<br>Ser\u00e1 que los partidos de oposici\u00f3n tienen a los peores liderazgos de sus historias, y que no se vislumbra cambio alguno entre tanta mediocridad, negaci\u00f3n y cinismo.<br>Ser\u00e1 que s\u00f3lo veo en el \u201cc\u00edrculo rojo\u201d (nosotros y los cientos de miles que marcharon) la verdadera intenci\u00f3n de cambio.<br>Pero al mismo tiempo veo que este c\u00edrculo rojo no se organiza (a menos que Claudio X les diga a qu\u00e9 son bailar, porque somos incapaces de improvisar o de saber innatamente que en cada uno de los abusos, trampas y corruptelas de los prietos, deber\u00edamos tomar las calles sin necesidad de convocatorias.<br>Ser\u00e1 que veo a los c\u00edrculos externos o bien desinteresados, o resignados (y \u00bfc\u00f3mo no? Con esta \u201coposici\u00f3n\u201d tan in\u00fatil y hasta corrupta (\u00bfverdad, Alito?)<br>Ser\u00e1 que por las venas del mexicano promedio corre atole, a menos que le marquen un penal que no fue al equipo de sus preferencias.<br>Ser\u00e1n todas estas cosas, juntas, o individuales, las que me tienen sumido en la decepci\u00f3n.<br>Ser\u00e1 por eso que siento esta urgencia por tirar la toalla.<br>Pero ser\u00e1 porque a pesar de haber vivido la mitad de mi vida (30 a\u00f1os en EEUU) M\u00e9xico me sigue doliendo por lo que ni me rindo ahora, ni me rendir\u00e9 jam\u00e1s.<br>Ser\u00e1 por eso.<br>Ser\u00e1.<\/p>\n","protected":false},"excerpt":{"rendered":"<p>Rafael (Rafa) El\u00edas No s\u00e9 porqu\u00e9Ser\u00e1 que veo Twitter y TikTok lleno, plagado, rebozante de chairos. Que el estado m\u00e1s importante del pa\u00eds eligi\u00f3 a la que probablemente sea la persona m\u00e1s incapaz, ignorante y corrupta que he visto (junto con el peje).Ser\u00e1 que los partidos de oposici\u00f3n tienen a los peores liderazgos de sus [&hellip;]<\/p>\n","protected":false},"author":1,"featured_media":99656,"comment_status":"open","ping_status":"open","sticky":true,"template":"","format":"standard","meta":{"footnotes":""},"categories":[14,12],"tags":[],"_links":{"self":[{"href":"https:\/\/diariodigitalmx.com\/index.php\/wp-json\/wp\/v2\/posts\/99654"}],"collection":[{"href":"https:\/\/diariodigitalmx.com\/index.php\/wp-json\/wp\/v2\/posts"}],"about":[{"href":"https:\/\/diariodigitalmx.com\/index.php\/wp-json\/wp\/v2\/types\/post"}],"author":[{"embeddable":true,"href":"https:\/\/diariodigitalmx.com\/index.php\/wp-json\/wp\/v2\/users\/1"}],"replies":[{"embeddable":true,"href":"https:\/\/diariodigitalmx.com\/index.php\/wp-json\/wp\/v2\/comments?post=99654"}],"version-history":[{"count":1,"href":"https:\/\/diariodigitalmx.com\/index.php\/wp-json\/wp\/v2\/posts\/99654\/revisions"}],"predecessor-version":[{"id":99655,"href":"https:\/\/diariodigitalmx.com\/index.php\/wp-json\/wp\/v2\/posts\/99654\/revisions\/99655"}],"wp:featuredmedia":[{"embeddable":true,"href":"https:\/\/diariodigitalmx.com\/index.php\/wp-json\/wp\/v2\/media\/99656"}],"wp:attachment":[{"href":"https:\/\/diariodigitalmx.com\/index.php\/wp-json\/wp\/v2\/media?parent=99654"}],"wp:term":[{"taxonomy":"category","embeddable":true,"href":"https:\/\/diariodigitalmx.com\/index.php\/wp-json\/wp\/v2\/categories?post=99654"},{"taxonomy":"post_tag","embeddable":true,"href":"https:\/\/diariodigitalmx.com\/index.php\/wp-json\/wp\/v2\/tags?post=99654"}],"curies":[{"name":"wp","href":"https:\/\/api.w.org\/{rel}","templated":true}]}}