{"id":99704,"date":"2023-06-12T20:46:45","date_gmt":"2023-06-13T01:46:45","guid":{"rendered":"http:\/\/diariodigitalmx.com\/?p=99704"},"modified":"2023-06-12T20:49:40","modified_gmt":"2023-06-13T01:49:40","slug":"una-fotografia-violenta","status":"publish","type":"post","link":"https:\/\/diariodigitalmx.com\/index.php\/2023\/06\/12\/una-fotografia-violenta\/","title":{"rendered":"\u00bfUna fotograf\u00eda violenta?"},"content":{"rendered":"\n<p>Por Salvador Hern\u00e1ndez <strong><em>LANDEROS<\/em><\/strong><\/p>\n\n\n\n<p>Hace d\u00edas no se sab\u00eda de la existencia de Luis Ortega Guerrero y mucho menos se le conoc\u00eda. Ahora se sabe que es un desempleado de una empresa regia.<\/p>\n\n\n\n<p><strong><em>Se le conoce por fotograf\u00eda<\/em><\/strong>, (se supone que es \u00e9l), que se public\u00f3 el 8 de junio en un peri\u00f3dico local en un desplegado que menciona <strong><em>su separaci\u00f3n del cargo<\/em><\/strong>.<\/p>\n\n\n\n<p>En el comunicado dice: \u201c<strong><em>fue separado de la organizaci\u00f3n y de su posici\u00f3n como gerente de la Planta Porcelanato de nuestro negocio<\/em><\/strong>\u201d. (sic)<\/p>\n\n\n\n<p>As\u00ed mismo dice: \u201c<strong><em>se comunica a los clientes, distribuidores, proveedores, autoridades (\u00bfjudiciales o laborales?) y a la comunidad en general<\/em><\/strong>\u201d. (sic)<\/p>\n\n\n\n<p>\u201c<strong><em>Por lo anterior, se <u>deslinda y no se hace responsable<\/u> por las acciones que pueda llegar a realizar (el ex empleado) o empresas relacionadas con \u00e9l<\/em><\/strong>\u201d. (sic)<\/p>\n\n\n\n<figure class=\"wp-block-image size-large\"><img loading=\"lazy\" decoding=\"async\" width=\"1024\" height=\"815\" src=\"http:\/\/diariodigitalmx.com\/wp-content\/uploads\/2023\/06\/IMG-20230612-WA0098-1024x815.jpg\" alt=\"\" class=\"wp-image-99708\" srcset=\"https:\/\/diariodigitalmx.com\/wp-content\/uploads\/2023\/06\/IMG-20230612-WA0098-1024x815.jpg 1024w, https:\/\/diariodigitalmx.com\/wp-content\/uploads\/2023\/06\/IMG-20230612-WA0098-300x239.jpg 300w, https:\/\/diariodigitalmx.com\/wp-content\/uploads\/2023\/06\/IMG-20230612-WA0098-768x611.jpg 768w, https:\/\/diariodigitalmx.com\/wp-content\/uploads\/2023\/06\/IMG-20230612-WA0098.jpg 1280w\" sizes=\"(max-width: 1024px) 100vw, 1024px\" \/><\/figure>\n\n\n\n<p>Por el texto del comunicado, hace pensar que en la relaci\u00f3n laboral entre la empresa y el ahora ex empleado <strong><em>debi\u00f3 existir \u201calgo\u201d que pudo causar enojo.<\/em><\/strong><\/p>\n\n\n\n<p>La empresa <strong><em>no da a conocer el motivo que hubo<\/em><\/strong> para separarlo del cargo, pero para alguna aclaraci\u00f3n est\u00e1 su correo. <a href=\"mailto:lineatransparencia@lamosa.com\">lineatransparencia@lamosa.com<\/a>.<\/p>\n\n\n\n<p>Ese comunicado, para la comunidad en general, debi\u00f3 contener el motivo de la separaci\u00f3n, <strong><em>porque tal vez fue por salud, pero hace suponer causa diferente<\/em><\/strong>.<\/p>\n\n\n\n<p><strong><em>La fotograf\u00eda expuesta de Luis Ortega Guerrero, en el comunicado de la empresa, puede constituirse en una actuaci\u00f3n violenta en sus Derechos.<\/em><\/strong><\/p>\n\n\n\n<p><strong><em>En cualquier medio de comunicaci\u00f3n, impreso o televisivo, la imagen de un presunto se exhibe con un cintillo en el rostro para no violentar sus Derechos<\/em><\/strong>.<\/p>\n\n\n\n<p>Si el desempleado estima que <strong><em>es una injusticia el uso incorrecto de su imagen<\/em><\/strong>, que violenta sus Derechos<strong><em>, debe pensar lo conveniente. Pero ya fue exhibido<\/em><\/strong>.<\/p>\n\n\n\n<p>Olga Susana M\u00e9ndez Arellano, presidenta de la CEDH en NL, por transparencia tal vez <strong><em>podr\u00eda aclarar a la comunidad en general, si hubo, o no, una violaci\u00f3n<\/em><\/strong>.<\/p>\n\n\n\n<p><a href=\"mailto:chavalolanderos@yahoo.com.mx\">chavalolanderos@yahoo.com.mx<\/a><\/p>\n","protected":false},"excerpt":{"rendered":"<p>Por Salvador Hern\u00e1ndez LANDEROS Hace d\u00edas no se sab\u00eda de la existencia de Luis Ortega Guerrero y mucho menos se le conoc\u00eda. Ahora se sabe que es un desempleado de una empresa regia. Se le conoce por fotograf\u00eda, (se supone que es \u00e9l), que se public\u00f3 el 8 de junio en un peri\u00f3dico local en [&hellip;]<\/p>\n","protected":false},"author":1,"featured_media":99706,"comment_status":"open","ping_status":"open","sticky":true,"template":"","format":"standard","meta":{"footnotes":""},"categories":[12,5],"tags":[],"_links":{"self":[{"href":"https:\/\/diariodigitalmx.com\/index.php\/wp-json\/wp\/v2\/posts\/99704"}],"collection":[{"href":"https:\/\/diariodigitalmx.com\/index.php\/wp-json\/wp\/v2\/posts"}],"about":[{"href":"https:\/\/diariodigitalmx.com\/index.php\/wp-json\/wp\/v2\/types\/post"}],"author":[{"embeddable":true,"href":"https:\/\/diariodigitalmx.com\/index.php\/wp-json\/wp\/v2\/users\/1"}],"replies":[{"embeddable":true,"href":"https:\/\/diariodigitalmx.com\/index.php\/wp-json\/wp\/v2\/comments?post=99704"}],"version-history":[{"count":2,"href":"https:\/\/diariodigitalmx.com\/index.php\/wp-json\/wp\/v2\/posts\/99704\/revisions"}],"predecessor-version":[{"id":99709,"href":"https:\/\/diariodigitalmx.com\/index.php\/wp-json\/wp\/v2\/posts\/99704\/revisions\/99709"}],"wp:featuredmedia":[{"embeddable":true,"href":"https:\/\/diariodigitalmx.com\/index.php\/wp-json\/wp\/v2\/media\/99706"}],"wp:attachment":[{"href":"https:\/\/diariodigitalmx.com\/index.php\/wp-json\/wp\/v2\/media?parent=99704"}],"wp:term":[{"taxonomy":"category","embeddable":true,"href":"https:\/\/diariodigitalmx.com\/index.php\/wp-json\/wp\/v2\/categories?post=99704"},{"taxonomy":"post_tag","embeddable":true,"href":"https:\/\/diariodigitalmx.com\/index.php\/wp-json\/wp\/v2\/tags?post=99704"}],"curies":[{"name":"wp","href":"https:\/\/api.w.org\/{rel}","templated":true}]}}