{"id":99710,"date":"2023-06-12T21:20:00","date_gmt":"2023-06-13T02:20:00","guid":{"rendered":"http:\/\/diariodigitalmx.com\/?p=99710"},"modified":"2023-06-12T21:20:32","modified_gmt":"2023-06-13T02:20:32","slug":"presentan-obras-del-artista-regiomontano-patricio-maldonado","status":"publish","type":"post","link":"https:\/\/diariodigitalmx.com\/index.php\/2023\/06\/12\/presentan-obras-del-artista-regiomontano-patricio-maldonado\/","title":{"rendered":"Presentan obras del artista regiomontano Patricio Maldonado"},"content":{"rendered":"\n<p><br>A un cuestionamiento y reflexi\u00f3n sobre las identidades, el imaginario social instituido y las implicaciones de g\u00e9nero en la sociedad contempor\u00e1nea, pretende conducir el joven artista Patricio Maldonado con su exposici\u00f3n fotogr\u00e1fica Siempre habr\u00e1 lugar para el caos que presenta en la Escuela Adolfo Prieto | CONARTE<br>La muestra, que se presenta dentro del programa DiversidaES CONARTE | TODES en la Fotograf\u00eda, expone 22 fotograf\u00edas y es complementada con algunos dibujos, textos, audio y video.<br>\u201cCuestionarse su configuraci\u00f3n identitaria, ha llevado a Patricio a indagar hacia el interior de su subjetividad. Condicionado por distintos factores, personales y sociales, a trav\u00e9s de su producci\u00f3n art\u00edstica centrada en la fotograf\u00eda, pero que tambi\u00e9n explora en el dibujo, la autobiograf\u00eda y el dise\u00f1o creativo, articula preguntas sobre su ser y estar en el mundo y de aquellos con los que se vincula\u201d, comparti\u00f3 Eliud Nava, Director de la Escuela Adolfo Prieto | CONARTE.<br>\u201cEn esta muestra, Patricio debate acerca de ciertos imaginarios instituidos en la comunidad LGBTTTIQ+, en donde estereotipos, representaciones, expectativas, e ideas, entre otros, se establecen como imperantes, ante la paradoja de la disidencia que proponen\u201d, agreg\u00f3.<br>A decir de Patricio Maldonado, el proceso de transformaci\u00f3n en la vida del artista visual, cambios de ideas y patrones inspir\u00f3 la muestra y el nombre de la exposici\u00f3n.<br>\u201cEstamos en constante transformaci\u00f3n y creo que donde hay paz, algo va a llegar y habr\u00e1 lugar para el caos y esto generar\u00e1 una nueva versi\u00f3n de ti, mejorada, que reinterprete las cosas que ten\u00edas planteadas\u201d, declar\u00f3.<br>\u201cY te sientes libre, pero empiezas a ver que hay otros cajones dentro de la propia comunidad LGBTTTIQ+\u201d, dijo el artista, cuyo trabajo ha sido publicado en diferentes medios, entre ellas: JPG Book en Espa\u00f1a, Waves Magazine, C de Cultura, Impulse Magazine y Percha Magazine en M\u00e9xico y en Not Real Art en Estados Unidos.<br>\u201cEmpec\u00e9 a cruzar por un puente y entender que no tengo que encajar en otro caj\u00f3n, que yo puedo armar mis propias reglas y no tengo que dictarme como la sociedad espera\u201d, agreg\u00f3 Maldonado.<br>Las fotograf\u00edas de Maldonado est\u00e1n centradas en reflejar el cuerpo masculino, todas las personas retardadas son cercanos al artista y trata de encontrarse en ellos y es a trav\u00e9s del lente y la interacci\u00f3n con la c\u00e1mara que lo logra.\u201cHay cuerpos m\u00e1s robustos, delgados, altos, o m\u00e1s peque\u00f1os. La idea es aceptarnos por lo que somos y no por lo que se nos exige en la sociedad y en la comunidad LGBTTTIQ+. Lo que pretendo con esta exposici\u00f3n es que las personas se encuentren, se cuestionen y reflexionen sobre lo que somos como personas, c\u00f3mo tratamos a los dem\u00e1s; si estamos en control de nosotros mismos y nos queremos habr\u00e1 m\u00e1s armon\u00eda\u201d, concluy\u00f3.<br>La exposici\u00f3n Siempre habr\u00e1 lugar para el caos estar\u00e1 hasta el 1 de julio en la Escuela Adolfo Prieto | CONARTE. El horario de la sala expositiva es de lunes a viernes de las 10AM a 7PM y los s\u00e1bados de 10AM a 2PM. La entrada es libre.<\/p>\n","protected":false},"excerpt":{"rendered":"<p>A un cuestionamiento y reflexi\u00f3n sobre las identidades, el imaginario social instituido y las implicaciones de g\u00e9nero en la sociedad contempor\u00e1nea, pretende conducir el joven artista Patricio Maldonado con su exposici\u00f3n fotogr\u00e1fica Siempre habr\u00e1 lugar para el caos que presenta en la Escuela Adolfo Prieto | CONARTELa muestra, que se presenta dentro del programa DiversidaES [&hellip;]<\/p>\n","protected":false},"author":1,"featured_media":99712,"comment_status":"open","ping_status":"open","sticky":true,"template":"","format":"standard","meta":{"footnotes":""},"categories":[11,14],"tags":[],"_links":{"self":[{"href":"https:\/\/diariodigitalmx.com\/index.php\/wp-json\/wp\/v2\/posts\/99710"}],"collection":[{"href":"https:\/\/diariodigitalmx.com\/index.php\/wp-json\/wp\/v2\/posts"}],"about":[{"href":"https:\/\/diariodigitalmx.com\/index.php\/wp-json\/wp\/v2\/types\/post"}],"author":[{"embeddable":true,"href":"https:\/\/diariodigitalmx.com\/index.php\/wp-json\/wp\/v2\/users\/1"}],"replies":[{"embeddable":true,"href":"https:\/\/diariodigitalmx.com\/index.php\/wp-json\/wp\/v2\/comments?post=99710"}],"version-history":[{"count":1,"href":"https:\/\/diariodigitalmx.com\/index.php\/wp-json\/wp\/v2\/posts\/99710\/revisions"}],"predecessor-version":[{"id":99711,"href":"https:\/\/diariodigitalmx.com\/index.php\/wp-json\/wp\/v2\/posts\/99710\/revisions\/99711"}],"wp:featuredmedia":[{"embeddable":true,"href":"https:\/\/diariodigitalmx.com\/index.php\/wp-json\/wp\/v2\/media\/99712"}],"wp:attachment":[{"href":"https:\/\/diariodigitalmx.com\/index.php\/wp-json\/wp\/v2\/media?parent=99710"}],"wp:term":[{"taxonomy":"category","embeddable":true,"href":"https:\/\/diariodigitalmx.com\/index.php\/wp-json\/wp\/v2\/categories?post=99710"},{"taxonomy":"post_tag","embeddable":true,"href":"https:\/\/diariodigitalmx.com\/index.php\/wp-json\/wp\/v2\/tags?post=99710"}],"curies":[{"name":"wp","href":"https:\/\/api.w.org\/{rel}","templated":true}]}}