{"id":99713,"date":"2023-06-13T01:45:19","date_gmt":"2023-06-13T06:45:19","guid":{"rendered":"http:\/\/diariodigitalmx.com\/?p=99713"},"modified":"2023-06-13T01:45:59","modified_gmt":"2023-06-13T06:45:59","slug":"villa-y-obregon-empiezan-y-mal-acaban","status":"publish","type":"post","link":"https:\/\/diariodigitalmx.com\/index.php\/2023\/06\/13\/villa-y-obregon-empiezan-y-mal-acaban\/","title":{"rendered":"Villa y Obreg\u00f3n\u2026 empiezan y mal acaban"},"content":{"rendered":"\n<p><br>\u00d3scar Tamez Rodr\u00edguez<\/p>\n\n\n\n<p>Pancho Villa y \u00c1lvaro Obreg\u00f3n tuvieron encuentros que terminaron en desencuentros, a tal que debieron enfrentarse en combate, en uno de ellos es donde pierde su brazo el sonorense.<br>Ten\u00edan m\u00e1s coincidencias que divergencias en cuanto a la ideolog\u00eda de la revoluci\u00f3n, sin embargo, mientras Villa se concentra en el idealismo pol\u00edtico, el sonorense es pragm\u00e1tico, cambiante seg\u00fan las circunstancias y los intereses.<br>En septiembre 16 de 1914 juntos celebran la independencia de M\u00e9xico, el jefe del ej\u00e9rcito del noroeste estaba en Chihuahua para mediar entre el centauro y Venustiano Carranza quien para ese momento se arrogaba la silla presidencial.<br>El per\u00edodo que comprende entre el 16 y el 24 de septiembre es cuando se dan dos momentos en los cuales Pancho Villa estuvo a punto de fusilar a Obreg\u00f3n.<br>El 17 de septiembre de 1914, al sentirse traicionado por el de Sonora, el jefe de la divisi\u00f3n del norte, ordena fusilarlo, oportuna fue la intervenci\u00f3n de algunos generales villistas quienes impidieron la ejecuci\u00f3n. Para Villa, que Obreg\u00f3n no contuviera a sus fuerzas contra Maytorena y le dijera que s\u00ed lo hab\u00eda hecho, era un juego intolerable.<br>Se supera el momento, retorna el sonorense el 23 de septiembre a la ciudad de M\u00e9xico, la noche del 24 cambia el centauro de opini\u00f3n y pide detener el convoy en donde \u00e9ste viajaba, sin embargo, previendo los sucesos, Obreg\u00f3n ya hab\u00eda bajado del tren.<br>Durante el tiempo compartido en Chihuahua, ambos caudillos solicitaron a Venustiano Carranza cumplir con el plan de Guadalupe, a lo cual el de Coahuila responde con negativa un mes despu\u00e9s. El 24 de octubre de 1914, en su manifiesto refuta las expresiones de Villa publicadas en el manifiesto circulado por el jefe de la divisi\u00f3n del norte.<br>A pesar de las coincidencias sobre el movimiento revolucionario, ambos personajes desconfiaban mutuamente, para el de Durango, Obreg\u00f3n era ladino y labioso, poco confiable; para el de Sonora, Villa era irascible, voluble y visceral. Dif\u00edcil conciliar cuando las personalidades son tan recias y divergentes.<br>El general Fierro hizo notar a Villa del error por no fusilar al emisario de Carranza, el tiempo har\u00eda notar que ten\u00eda raz\u00f3n. Carranza primero y luego Villa, son v\u00edctimas de la ambici\u00f3n y poder del sonorense. Ambos muertos en emboscadas, ambos en tiempos del poderoso grupo del noroeste.<br>Para Carranza la lealtad del grupo Sonora no fue gratuita, el 21 de octubre de 1914 otorga el grado de general brigadier a Plutarco El\u00edas Calles, coequipero con Obreg\u00f3n y a \u00e9ste le nombra m\u00e1s tarde, jefe del ej\u00e9rcito constitucionalista.<br>El a\u00f1o siguiente, 1915, ser\u00e1 de enfrentamientos armados entre ambos jefes de los ej\u00e9rcitos, los convencionalistas y los constitucionalistas. Las victorias de Obreg\u00f3n entre abril y junio de ese a\u00f1o fueron determinantes para el rumbo que toma la revoluci\u00f3n.<br>Villa acorralado ve perder su fuerza. Obreg\u00f3n, Pablo Gonz\u00e1lez y otros combaten sus ej\u00e9rcitos y los EUA le impiden adquirir armamento, qued\u00f3 el caudillo a dos fuegos.<br>Por sobre las rivalidades y la desconfianza, uno a otro se respetaba, reconoc\u00edan las cualidades mutuas. Es por ello que en 1920, luego de firmar el 20 de julio la rendici\u00f3n en Sabinas, Coahuila; Villa se retira a la vida dentro de su hacienda Canutillo.<br>Seg\u00fan sus dichos al periodista de El Universal, Regino Hern\u00e1ndez Llergo, en la entrevista sostenida en junio de 1922; Villa no intervendr\u00eda en pol\u00edtica durante el cuatrienio de Obreg\u00f3n pues empe\u00f1\u00f3 su palabra en ello, y as\u00ed lo cumpli\u00f3 hasta su muerte.<br>Para Obreg\u00f3n, Villa era peligroso a\u00fan en el retiro.<\/p>\n","protected":false},"excerpt":{"rendered":"<p>\u00d3scar Tamez Rodr\u00edguez Pancho Villa y \u00c1lvaro Obreg\u00f3n tuvieron encuentros que terminaron en desencuentros, a tal que debieron enfrentarse en combate, en uno de ellos es donde pierde su brazo el sonorense.Ten\u00edan m\u00e1s coincidencias que divergencias en cuanto a la ideolog\u00eda de la revoluci\u00f3n, sin embargo, mientras Villa se concentra en el idealismo pol\u00edtico, el [&hellip;]<\/p>\n","protected":false},"author":1,"featured_media":99715,"comment_status":"open","ping_status":"open","sticky":true,"template":"","format":"standard","meta":{"footnotes":""},"categories":[11,14],"tags":[],"_links":{"self":[{"href":"https:\/\/diariodigitalmx.com\/index.php\/wp-json\/wp\/v2\/posts\/99713"}],"collection":[{"href":"https:\/\/diariodigitalmx.com\/index.php\/wp-json\/wp\/v2\/posts"}],"about":[{"href":"https:\/\/diariodigitalmx.com\/index.php\/wp-json\/wp\/v2\/types\/post"}],"author":[{"embeddable":true,"href":"https:\/\/diariodigitalmx.com\/index.php\/wp-json\/wp\/v2\/users\/1"}],"replies":[{"embeddable":true,"href":"https:\/\/diariodigitalmx.com\/index.php\/wp-json\/wp\/v2\/comments?post=99713"}],"version-history":[{"count":1,"href":"https:\/\/diariodigitalmx.com\/index.php\/wp-json\/wp\/v2\/posts\/99713\/revisions"}],"predecessor-version":[{"id":99714,"href":"https:\/\/diariodigitalmx.com\/index.php\/wp-json\/wp\/v2\/posts\/99713\/revisions\/99714"}],"wp:featuredmedia":[{"embeddable":true,"href":"https:\/\/diariodigitalmx.com\/index.php\/wp-json\/wp\/v2\/media\/99715"}],"wp:attachment":[{"href":"https:\/\/diariodigitalmx.com\/index.php\/wp-json\/wp\/v2\/media?parent=99713"}],"wp:term":[{"taxonomy":"category","embeddable":true,"href":"https:\/\/diariodigitalmx.com\/index.php\/wp-json\/wp\/v2\/categories?post=99713"},{"taxonomy":"post_tag","embeddable":true,"href":"https:\/\/diariodigitalmx.com\/index.php\/wp-json\/wp\/v2\/tags?post=99713"}],"curies":[{"name":"wp","href":"https:\/\/api.w.org\/{rel}","templated":true}]}}