{"id":99812,"date":"2023-06-14T11:51:26","date_gmt":"2023-06-14T16:51:26","guid":{"rendered":"http:\/\/diariodigitalmx.com\/?p=99812"},"modified":"2023-06-14T11:55:18","modified_gmt":"2023-06-14T16:55:18","slug":"no-acepta-dif-recomendaciones-de-derechos-humanos-sobre-muerte-de-menor","status":"publish","type":"post","link":"https:\/\/diariodigitalmx.com\/index.php\/2023\/06\/14\/no-acepta-dif-recomendaciones-de-derechos-humanos-sobre-muerte-de-menor\/","title":{"rendered":"No acepta DIF recomendaci\u00f3n sobre muerte de menor en DIF"},"content":{"rendered":"\n<p><br>Monterrey . -La Comisi\u00f3n Estatal de Derechos Humanos lament\u00f3 que el Sistema para el Desarrollo Integral de la Familia del Estado no acepte de manera \u00edntegra la recomendaci\u00f3n por violaciones graves a los derechos humanos, emitida el pasado 30 de mayo, sobre la muerte de un menor en el DIF Fabriles.<br>El deceso del menor fue calificado por Derechos Humanos como crimen de Estado.<br>Tras vencerse este martes el plazo de 10 d\u00edas h\u00e1biles para aceptar o rechazar la recomendaci\u00f3n, el oorganismo recibi\u00f3 el documento donde la autoridad manifest\u00f3 estar imposibilitada para cumplir, en su totalidad, con los puntos recomendatorios, lo que implica, de facto, una no aceptaci\u00f3n.<br>Las recomendaciones no pueden aceptarse de manera parcial, por lo que enviar\u00e1 al DIF Estatal una solicitud para que haga p\u00fablico el informe en el que funde y motive su negativa, a efecto de realizar un informe de suficiencia de los argumentos vertidos por la autoridad responsable, a\u00f1adi\u00f3 Derechos Humanos.<br>De no reconsiderse la aceptaci\u00f3n, el caso ser\u00e1 turnado al Congreso del Estado, de acuerdo a lo establecido en el art\u00edculo 46 de la Ley de la Comisi\u00f3n Estatal de Derechos Humanos del Estado de Nuevo Le\u00f3n, inform\u00f3.<br>La CEDHNL emiti\u00f3 la Recomendaci\u00f3n por el fallecimiento de \u00c1ngel Manuel Moreno en el DIF Fabriles, habiendo sido vulnerados, al menos, 11 de sus derechos fundamentales.<br>En la recomendaci\u00f3n, el organismo solicita a la autoridad responsable realizar una disculpa p\u00fablica y memoriales para la v\u00edctima, contar con servicios m\u00e9dicos en el espacio donde falleci\u00f3 el adolescente, elaborar un padr\u00f3n de ni\u00f1as, ni\u00f1os y adolescentes a cargo del DIF, llevar a cabo una consulta a las ni\u00f1as, ni\u00f1os y adolescentes sobre el trato que reciben, as\u00ed como un enfoque diferenciado y especializado, elaborar protocolos para casos de traslados, agresiones a infantes y adolescentes, y casos de emergencia m\u00e9dica.<br>La Comisi\u00f3n confirm\u00f3 que la responsabilidad de las violaciones a derechos humanos por el fallecimiento de \u00c1ngel Manuel es de quienes ocupaban los cargos como Director General del DIF, Director de Atenci\u00f3n al Menor y la Familia del DIF y del Encargado de la Enfermer\u00eda de Fabriles.<br>El 9 de febrero de 2022 \u00c1ngel Manuel Moreno, de 14 a\u00f1os de edad muri\u00f3 en el albergue del DIF Fabriles en Monterrey, instituci\u00f3n que ten\u00eda su tutela; ahora la Comisi\u00f3n Estatal de Derechos Humanos ha calificado la muerte de \u00c1ngel como crimen de Estado.<br>La Fiscal\u00eda de Justicia tiene una investigaci\u00f3n por homicidio y ha imputado a proceso a dos hombres, pero escapa por el momento el actual l\u00edder de Movimiento Ciudadano, Miguel \u00c1ngel S\u00e1nchez quien era director de la instituci\u00f3n, pero est\u00e1 amparado.<\/p>\n\n\n\n<p>Cuando se supo de la muerte, el gobierno estatal, se concret\u00f3 a se\u00f1alar que el adolescente falleci\u00f3 por un choque s\u00e9ptico de abdomen tras presentar problemas estomacales.<\/p>\n","protected":false},"excerpt":{"rendered":"<p>Monterrey . -La Comisi\u00f3n Estatal de Derechos Humanos lament\u00f3 que el Sistema para el Desarrollo Integral de la Familia del Estado no acepte de manera \u00edntegra la recomendaci\u00f3n por violaciones graves a los derechos humanos, emitida el pasado 30 de mayo, sobre la muerte de un menor en el DIF Fabriles.El deceso del menor fue [&hellip;]<\/p>\n","protected":false},"author":1,"featured_media":99814,"comment_status":"open","ping_status":"open","sticky":true,"template":"","format":"standard","meta":{"footnotes":""},"categories":[6,3],"tags":[],"_links":{"self":[{"href":"https:\/\/diariodigitalmx.com\/index.php\/wp-json\/wp\/v2\/posts\/99812"}],"collection":[{"href":"https:\/\/diariodigitalmx.com\/index.php\/wp-json\/wp\/v2\/posts"}],"about":[{"href":"https:\/\/diariodigitalmx.com\/index.php\/wp-json\/wp\/v2\/types\/post"}],"author":[{"embeddable":true,"href":"https:\/\/diariodigitalmx.com\/index.php\/wp-json\/wp\/v2\/users\/1"}],"replies":[{"embeddable":true,"href":"https:\/\/diariodigitalmx.com\/index.php\/wp-json\/wp\/v2\/comments?post=99812"}],"version-history":[{"count":3,"href":"https:\/\/diariodigitalmx.com\/index.php\/wp-json\/wp\/v2\/posts\/99812\/revisions"}],"predecessor-version":[{"id":99816,"href":"https:\/\/diariodigitalmx.com\/index.php\/wp-json\/wp\/v2\/posts\/99812\/revisions\/99816"}],"wp:featuredmedia":[{"embeddable":true,"href":"https:\/\/diariodigitalmx.com\/index.php\/wp-json\/wp\/v2\/media\/99814"}],"wp:attachment":[{"href":"https:\/\/diariodigitalmx.com\/index.php\/wp-json\/wp\/v2\/media?parent=99812"}],"wp:term":[{"taxonomy":"category","embeddable":true,"href":"https:\/\/diariodigitalmx.com\/index.php\/wp-json\/wp\/v2\/categories?post=99812"},{"taxonomy":"post_tag","embeddable":true,"href":"https:\/\/diariodigitalmx.com\/index.php\/wp-json\/wp\/v2\/tags?post=99812"}],"curies":[{"name":"wp","href":"https:\/\/api.w.org\/{rel}","templated":true}]}}