{"id":99825,"date":"2023-06-14T16:30:05","date_gmt":"2023-06-14T21:30:05","guid":{"rendered":"http:\/\/diariodigitalmx.com\/?p=99825"},"modified":"2023-06-14T16:30:40","modified_gmt":"2023-06-14T21:30:40","slug":"a-la-ip-de-nl-le-preocupa-pleito-de-poderes-amenaza-el-avance-del-estado-advierten","status":"publish","type":"post","link":"https:\/\/diariodigitalmx.com\/index.php\/2023\/06\/14\/a-la-ip-de-nl-le-preocupa-pleito-de-poderes-amenaza-el-avance-del-estado-advierten\/","title":{"rendered":"A la IP de NL le preocupa pleito de Poderes; amenaza el avance del estado, advierten"},"content":{"rendered":"\n<p><br>Monterrey. &#8211; El sector privado de Nuevo Le\u00f3n advirti\u00f3 que el pleito entre el gobernador Samuel Garc\u00eda y el Congreso del Estado, es preocupante por sus debates poco productivos que ante los problemas de la comunidad.<br>&#8220;Nuevo Le\u00f3n tiene pr\u00e1cticamente un a\u00f1o enfrascado en una confrontaci\u00f3n pol\u00edtica entre los poderes ejecutivo y legislativo que amenaza el avance del estado, afectando la atenci\u00f3n que merecen las problem\u00e1ticas que aquejan a la comunidad regiomontana&#8221;, fijaron postura Coparmex, Caintra, Canaco, C\u00e1mara de Propietarios de Bienes Ra\u00edces, Index, Nuevo Le\u00f3n, Consejo C\u00edvico y C\u00e1mara Nacional de Vivienda.<br>&#8220;Compartimos la preocupaci\u00f3n de la comunidad que desea que su calidad de vida no se vea perjudicada a ra\u00edz del desgaste en debates poco productivos entre los poderes de gobierno, que est\u00e1n muy lejos de aportar para resolver los grandes retos que enfrenta el estado como lo son la seguridad y la movilidad&#8221;, establecieron.<br>Exponen los organismos privados que la ciudadan\u00eda espera de sus servidores p\u00fablicos acciones en funci\u00f3n a lo que conviene al estado y sus habitantes, trabajando a trav\u00e9s del fortalecimiento y no el debilitamiento de las instituciones para aprovechar de mejor manera las oportunidades que tiene el estado en este momento.<br>&#8220;Es por ello que los organismos firmantes exigimos a los servidores p\u00fablicos electos, a quienes la ciudadan\u00eda entreg\u00f3 la facultad de ejercer actos de autoridad en su nombre, que hagan un uso responsable y con conciencia de este poder&#8221;.<br>&#8220;Nuevo Le\u00f3n vive una oportunidad hist\u00f3rica de crecimiento, que no se podr\u00e1 concretar si no colaboramos todos y todas en resolver las grandes problem\u00e1ticas antes mencionadas, y si no tenemos la madurez, voluntad y capacidad, anteponiendo los intereses colectivos sobre cualquier otro&#8221;, a\u00f1adieron.<br>Exhortaron a los poderes p\u00fablicos a escuchar de manera atenta a la ciudadan\u00eda, y propiciar las condiciones id\u00f3neas para mejorar su calidad de vida, con el prop\u00f3sito de atender las necesidades m\u00e1s apremiantes del estado.<br>Actualmente estamos creciendo, generando empleo y mejores oportunidades para el estado, pero el potencial es menor a lo que se lograr\u00eda si en cambio, todos trabajamos en el mismo sentido, se\u00f1alaron.<\/p>\n","protected":false},"excerpt":{"rendered":"<p>Monterrey. &#8211; El sector privado de Nuevo Le\u00f3n advirti\u00f3 que el pleito entre el gobernador Samuel Garc\u00eda y el Congreso del Estado, es preocupante por sus debates poco productivos que ante los problemas de la comunidad.&#8220;Nuevo Le\u00f3n tiene pr\u00e1cticamente un a\u00f1o enfrascado en una confrontaci\u00f3n pol\u00edtica entre los poderes ejecutivo y legislativo que amenaza el [&hellip;]<\/p>\n","protected":false},"author":1,"featured_media":99827,"comment_status":"open","ping_status":"open","sticky":true,"template":"","format":"standard","meta":{"footnotes":""},"categories":[6,3],"tags":[],"_links":{"self":[{"href":"https:\/\/diariodigitalmx.com\/index.php\/wp-json\/wp\/v2\/posts\/99825"}],"collection":[{"href":"https:\/\/diariodigitalmx.com\/index.php\/wp-json\/wp\/v2\/posts"}],"about":[{"href":"https:\/\/diariodigitalmx.com\/index.php\/wp-json\/wp\/v2\/types\/post"}],"author":[{"embeddable":true,"href":"https:\/\/diariodigitalmx.com\/index.php\/wp-json\/wp\/v2\/users\/1"}],"replies":[{"embeddable":true,"href":"https:\/\/diariodigitalmx.com\/index.php\/wp-json\/wp\/v2\/comments?post=99825"}],"version-history":[{"count":1,"href":"https:\/\/diariodigitalmx.com\/index.php\/wp-json\/wp\/v2\/posts\/99825\/revisions"}],"predecessor-version":[{"id":99826,"href":"https:\/\/diariodigitalmx.com\/index.php\/wp-json\/wp\/v2\/posts\/99825\/revisions\/99826"}],"wp:featuredmedia":[{"embeddable":true,"href":"https:\/\/diariodigitalmx.com\/index.php\/wp-json\/wp\/v2\/media\/99827"}],"wp:attachment":[{"href":"https:\/\/diariodigitalmx.com\/index.php\/wp-json\/wp\/v2\/media?parent=99825"}],"wp:term":[{"taxonomy":"category","embeddable":true,"href":"https:\/\/diariodigitalmx.com\/index.php\/wp-json\/wp\/v2\/categories?post=99825"},{"taxonomy":"post_tag","embeddable":true,"href":"https:\/\/diariodigitalmx.com\/index.php\/wp-json\/wp\/v2\/tags?post=99825"}],"curies":[{"name":"wp","href":"https:\/\/api.w.org\/{rel}","templated":true}]}}