{"id":99886,"date":"2023-06-15T00:49:06","date_gmt":"2023-06-15T05:49:06","guid":{"rendered":"http:\/\/diariodigitalmx.com\/?p=99886"},"modified":"2023-06-15T00:49:44","modified_gmt":"2023-06-15T05:49:44","slug":"escala-enfrentamiento-hasta-el-aire-contaminado-culpa-estado-a-municipios","status":"publish","type":"post","link":"https:\/\/diariodigitalmx.com\/index.php\/2023\/06\/15\/escala-enfrentamiento-hasta-el-aire-contaminado-culpa-estado-a-municipios\/","title":{"rendered":"Escala enfrentamiento hasta el aire contaminado; culpa Estado a municipios"},"content":{"rendered":"\n<p>El gobierno de Samuel Garcia ahora acus\u00f3 a los municipios de la contaminaci\u00f3n ambiental.<\/p>\n\n\n\n<p>F\u00e9lix Arratia, Secretario de Medio Ambiente estatal dijo en un video lo que ya se sabe, que las altas concentraciones de contaminantes, principalmente de ozono, son de los vehiculos del \u00c1rea Metropolitana de Monterrey.<\/p>\n\n\n\n<p>&#8220;Lo que estamos viendo b\u00e1sicamente es la contaminaci\u00f3n a causa del parque vehicular y la alta presi\u00f3n que hay en la zona producto de una estabilidad atmosf\u00e9rica&#8221;, agreg\u00f3.<\/p>\n\n\n\n<p>Solicit\u00f3 a los municipios que act\u00faen contra los veh\u00edculos que circulen en sus territorios y que contaminen ostensiblemente el medio ambiente.<\/p>\n\n\n\n<p>Seg\u00fan Arratia, los municipios que no tomaron medidas fueron Monterrey, San Pedro, Guadalupe, Apodaca, San Nicol\u00e1s, Garc\u00eda, Ju\u00e1rez y Pesquer\u00eda.<br>En cambio, Santa Catarina y Escobedo si enviaron un grupo de contingencias y comunicados a empresas para que tomen medidas.<\/p>\n","protected":false},"excerpt":{"rendered":"<p>El gobierno de Samuel Garcia ahora acus\u00f3 a los municipios de la contaminaci\u00f3n ambiental. F\u00e9lix Arratia, Secretario de Medio Ambiente estatal dijo en un video lo que ya se sabe, que las altas concentraciones de contaminantes, principalmente de ozono, son de los vehiculos del \u00c1rea Metropolitana de Monterrey. &#8220;Lo que estamos viendo b\u00e1sicamente es la [&hellip;]<\/p>\n","protected":false},"author":1,"featured_media":99888,"comment_status":"open","ping_status":"open","sticky":true,"template":"","format":"standard","meta":{"footnotes":""},"categories":[14,6],"tags":[],"_links":{"self":[{"href":"https:\/\/diariodigitalmx.com\/index.php\/wp-json\/wp\/v2\/posts\/99886"}],"collection":[{"href":"https:\/\/diariodigitalmx.com\/index.php\/wp-json\/wp\/v2\/posts"}],"about":[{"href":"https:\/\/diariodigitalmx.com\/index.php\/wp-json\/wp\/v2\/types\/post"}],"author":[{"embeddable":true,"href":"https:\/\/diariodigitalmx.com\/index.php\/wp-json\/wp\/v2\/users\/1"}],"replies":[{"embeddable":true,"href":"https:\/\/diariodigitalmx.com\/index.php\/wp-json\/wp\/v2\/comments?post=99886"}],"version-history":[{"count":1,"href":"https:\/\/diariodigitalmx.com\/index.php\/wp-json\/wp\/v2\/posts\/99886\/revisions"}],"predecessor-version":[{"id":99887,"href":"https:\/\/diariodigitalmx.com\/index.php\/wp-json\/wp\/v2\/posts\/99886\/revisions\/99887"}],"wp:featuredmedia":[{"embeddable":true,"href":"https:\/\/diariodigitalmx.com\/index.php\/wp-json\/wp\/v2\/media\/99888"}],"wp:attachment":[{"href":"https:\/\/diariodigitalmx.com\/index.php\/wp-json\/wp\/v2\/media?parent=99886"}],"wp:term":[{"taxonomy":"category","embeddable":true,"href":"https:\/\/diariodigitalmx.com\/index.php\/wp-json\/wp\/v2\/categories?post=99886"},{"taxonomy":"post_tag","embeddable":true,"href":"https:\/\/diariodigitalmx.com\/index.php\/wp-json\/wp\/v2\/tags?post=99886"}],"curies":[{"name":"wp","href":"https:\/\/api.w.org\/{rel}","templated":true}]}}