{"id":99895,"date":"2023-06-15T08:12:29","date_gmt":"2023-06-15T13:12:29","guid":{"rendered":"http:\/\/diariodigitalmx.com\/?p=99895"},"modified":"2023-06-15T08:15:18","modified_gmt":"2023-06-15T13:15:18","slug":"el-calor-de-los-tacos-al-pasto","status":"publish","type":"post","link":"https:\/\/diariodigitalmx.com\/index.php\/2023\/06\/15\/el-calor-de-los-tacos-al-pasto\/","title":{"rendered":"El calor de los tacos al pastor"},"content":{"rendered":"\n<p>Por Rodin<\/p>\n\n\n\n<p>Y la encuesta. El term\u00f3metro subir\u00e1 en el pa\u00eds. Y no precisamente me refiero a que la pr\u00f3xima semana la temperatura subir\u00e1 hasta alcanzar entre 47 y 50 cent\u00edgrados, seg\u00fan los analistas del clima en el pa\u00eds. Estaremos ardiendo. S\u00ed, la sensaci\u00f3n t\u00e9rmica se sentir\u00e1 como estar dentro de un trompo de carne para tacos al pastor. O quiz\u00e1s como si estuvi\u00e9ramos a 100 metros de la erupci\u00f3n del Popocat\u00e9petl. Pero el calor que se viene no solo es por el sol abrazante que viene. Sino por el calor pol\u00edtico que tendremos a ra\u00edz de las renuncias de los precandidatos a la presidencia de la rep\u00fablica por el partido pol\u00edtico MORENA. Ya sabemos que el ex secretario de estado el carnal Marcelo Ebrard Casaubon, quien ni siquiera tuvo tiempo de rendir un informe de sus acciones a la sociedad, con bombos y platillos, alista su registro y propuesta de transformaci\u00f3n. El mi\u00e9rcoles 14, siendo el primero de los 6 precandidatos que se apersone a entregar su documentaci\u00f3n. Por lo que a toda acci\u00f3n que Marcelo genere, har\u00e1 una reacci\u00f3n en la persona de las otras fichas morenistas. Por lo que se espera que para el 16 del presente mes, los precandidatos guindas, cumplan con el plazo establecido por el consejo nacional de morena, en el cual ordenan que deber\u00e1n dejar sus cargos o puestos p\u00fablicos, por lo que anote usted a la jefa de gobierno de la ciudad de M\u00e9xico, Claudia Sheinbaum Pardo, de quien se dice que es la favorita del presidente Andr\u00e9s Manuel L\u00f3pez Obrador, como la segunda corcholata en inscribirse. Para as\u00ed cubrir los requisitos, entre ellos exponer su cuestionada acta de nacimiento. Tras la Sheinbaum, vendr\u00e1n los registros con menos posibilidades de Ad\u00e1n Augusto L\u00f3pez, una vez que le pidi\u00f3 al l\u00edder de la 4 T Andr\u00e9s L\u00f3pez Obrador, que lo releve de sus obligaciones como secretario de gobernaci\u00f3n. Con la firme idea, de que caballo que alcanza gana. Tambi\u00e9n el zacatecano y l\u00edder Ricardo Monreal, quien pidi\u00f3 licencia como senador, quien seguramente se inscribir\u00e1 el viernes 16. Con la intenci\u00f3n de participar en la encuesta del partido morena (o del presidente), es lo mismo. Aunque tendr\u00e1 nulas posibilidades de salir airoso. Y por la libre, lejos de los afectos del presidente, estar\u00e1n prestos a registrarse el diputado y dolor de cabeza por el PT, Gerardo Fern\u00e1ndez Noro\u00f1a, quien en realidad aspira a que le toque alg\u00fan cargo en el pr\u00f3ximo gabinete, en caso de que gane morena las elecciones presidenciales, y por otra parte el clon del ni\u00f1o verde el senador Manuel Velasco, quien tambi\u00e9n solicit\u00f3 licencia al senado de la rep\u00fablica para competir en alianza estrat\u00e9gica. Ambos perfiles afines a morena se desligar\u00e1n de sus cargos este viernes. De la autonombrada nueva corcholata Yeidckol Polevnsky, mejor ni para que escribir. Por lo pronto: la encuesta que arder\u00e1 ser\u00e1 la que decida qui\u00e9n ser\u00e1 el candidato oficial a la presidencia de la rep\u00fablica, por Morena, si sale bien, todos en unidad, pero si sale mal, o dados cargados, habr\u00e1 m\u00e1s calor al interior del proceso eleccionario y subir\u00e1 la temperatura que podr\u00eda ocasionar desbandada de grupos afines. O \u00bfser\u00e1 que la sucesi\u00f3n al interior ya est\u00e1 arreglada? para ello mejor, guardemos calma que hasta el 6 de septiembre se sabr\u00e1 qui\u00e9n es el ganador o ganadora. \u00bfContinuar\u00e1 el obradorismo? \u00bfEs padre de familia? Felicidades en su d\u00eda. Disfr\u00fatelo en familia este domingo. Comentarios a: rodin2511@hotmail.com<\/p>\n","protected":false},"excerpt":{"rendered":"<p>Por Rodin Y la encuesta. El term\u00f3metro subir\u00e1 en el pa\u00eds. Y no precisamente me refiero a que la pr\u00f3xima semana la temperatura subir\u00e1 hasta alcanzar entre 47 y 50 cent\u00edgrados, seg\u00fan los analistas del clima en el pa\u00eds. Estaremos ardiendo. S\u00ed, la sensaci\u00f3n t\u00e9rmica se sentir\u00e1 como estar dentro de un trompo de carne [&hellip;]<\/p>\n","protected":false},"author":1,"featured_media":99897,"comment_status":"open","ping_status":"open","sticky":true,"template":"","format":"standard","meta":{"footnotes":""},"categories":[12,5],"tags":[],"_links":{"self":[{"href":"https:\/\/diariodigitalmx.com\/index.php\/wp-json\/wp\/v2\/posts\/99895"}],"collection":[{"href":"https:\/\/diariodigitalmx.com\/index.php\/wp-json\/wp\/v2\/posts"}],"about":[{"href":"https:\/\/diariodigitalmx.com\/index.php\/wp-json\/wp\/v2\/types\/post"}],"author":[{"embeddable":true,"href":"https:\/\/diariodigitalmx.com\/index.php\/wp-json\/wp\/v2\/users\/1"}],"replies":[{"embeddable":true,"href":"https:\/\/diariodigitalmx.com\/index.php\/wp-json\/wp\/v2\/comments?post=99895"}],"version-history":[{"count":3,"href":"https:\/\/diariodigitalmx.com\/index.php\/wp-json\/wp\/v2\/posts\/99895\/revisions"}],"predecessor-version":[{"id":99899,"href":"https:\/\/diariodigitalmx.com\/index.php\/wp-json\/wp\/v2\/posts\/99895\/revisions\/99899"}],"wp:featuredmedia":[{"embeddable":true,"href":"https:\/\/diariodigitalmx.com\/index.php\/wp-json\/wp\/v2\/media\/99897"}],"wp:attachment":[{"href":"https:\/\/diariodigitalmx.com\/index.php\/wp-json\/wp\/v2\/media?parent=99895"}],"wp:term":[{"taxonomy":"category","embeddable":true,"href":"https:\/\/diariodigitalmx.com\/index.php\/wp-json\/wp\/v2\/categories?post=99895"},{"taxonomy":"post_tag","embeddable":true,"href":"https:\/\/diariodigitalmx.com\/index.php\/wp-json\/wp\/v2\/tags?post=99895"}],"curies":[{"name":"wp","href":"https:\/\/api.w.org\/{rel}","templated":true}]}}