{"id":99920,"date":"2023-06-15T14:27:22","date_gmt":"2023-06-15T19:27:22","guid":{"rendered":"http:\/\/diariodigitalmx.com\/?p=99920"},"modified":"2023-06-15T14:28:05","modified_gmt":"2023-06-15T19:28:05","slug":"inscribete-al-taller-cumbia-regia-y-vibra-al-ritmo-de-celso-pina","status":"publish","type":"post","link":"https:\/\/diariodigitalmx.com\/index.php\/2023\/06\/15\/inscribete-al-taller-cumbia-regia-y-vibra-al-ritmo-de-celso-pina\/","title":{"rendered":"Inscr\u00edbete al Taller Cumbia Regia y vibra al ritmo de Celso Pi\u00f1a"},"content":{"rendered":"\n<p>\u00bfTe imaginas componer una cumbia en la casa del ic\u00f3nico Celso Pi\u00f1a con ayuda de su asociaci\u00f3n?<\/p>\n\n\n\n<p>El Instituto Estatal Electoral y de Participaci\u00f3n Ciudadana de Nuevo Le\u00f3n (IEEPCNL) y la Asociaci\u00f3n Celso Pi\u00f1a lo har\u00e1n realidad, si te inscribes a su Taller Cumbia Regia, \u00bfal barrio qui\u00e9n lo respalda?<\/p>\n\n\n\n<p>El Taller lo impartir\u00e1 Barrio Bravo Celso Pi\u00f1a A.C. y ser\u00e1 en la casa del compositor y cantante, ahora Museo Celso Pi\u00f1a, los domingos 9,16, 23 y 30 de julio y 6 de agosto.<\/p>\n\n\n\n<p>La actividad es gratuita y en \u00e9sta aprender\u00e1s a exponer un tema de tu comunidad al ritmo del acorde\u00f3n y percusiones.<\/p>\n\n\n\n<p>Los requisitos para participar son tener entre 15 y 29 a\u00f1os e inscribirte en la p\u00e1gina web del Instituto www.ieepcnl.mx, a partir de hoy y hasta el pr\u00f3ximo 6 de julio. \u00a1Es todo!<\/p>\n\n\n\n<p>El cupo es limitado a 30 personas, as\u00ed que \u00a1ap\u00farate!<\/p>\n\n\n\n<p>El premio es de 6 mil pesos para quien componga la cumbia que m\u00e1s prenda y se lleve el primer lugar; para el segundo lugar ser\u00e1n 5 mil pesos; y para el tercero, 4 mil pesos.<\/p>\n\n\n\n<p>\u00a1An\u00edmate y que suene el acorde\u00f3n!<\/p>\n","protected":false},"excerpt":{"rendered":"<p>\u00bfTe imaginas componer una cumbia en la casa del ic\u00f3nico Celso Pi\u00f1a con ayuda de su asociaci\u00f3n? El Instituto Estatal Electoral y de Participaci\u00f3n Ciudadana de Nuevo Le\u00f3n (IEEPCNL) y la Asociaci\u00f3n Celso Pi\u00f1a lo har\u00e1n realidad, si te inscribes a su Taller Cumbia Regia, \u00bfal barrio qui\u00e9n lo respalda? El Taller lo impartir\u00e1 Barrio [&hellip;]<\/p>\n","protected":false},"author":1,"featured_media":99922,"comment_status":"open","ping_status":"open","sticky":true,"template":"","format":"standard","meta":{"footnotes":""},"categories":[11,14],"tags":[],"_links":{"self":[{"href":"https:\/\/diariodigitalmx.com\/index.php\/wp-json\/wp\/v2\/posts\/99920"}],"collection":[{"href":"https:\/\/diariodigitalmx.com\/index.php\/wp-json\/wp\/v2\/posts"}],"about":[{"href":"https:\/\/diariodigitalmx.com\/index.php\/wp-json\/wp\/v2\/types\/post"}],"author":[{"embeddable":true,"href":"https:\/\/diariodigitalmx.com\/index.php\/wp-json\/wp\/v2\/users\/1"}],"replies":[{"embeddable":true,"href":"https:\/\/diariodigitalmx.com\/index.php\/wp-json\/wp\/v2\/comments?post=99920"}],"version-history":[{"count":1,"href":"https:\/\/diariodigitalmx.com\/index.php\/wp-json\/wp\/v2\/posts\/99920\/revisions"}],"predecessor-version":[{"id":99921,"href":"https:\/\/diariodigitalmx.com\/index.php\/wp-json\/wp\/v2\/posts\/99920\/revisions\/99921"}],"wp:featuredmedia":[{"embeddable":true,"href":"https:\/\/diariodigitalmx.com\/index.php\/wp-json\/wp\/v2\/media\/99922"}],"wp:attachment":[{"href":"https:\/\/diariodigitalmx.com\/index.php\/wp-json\/wp\/v2\/media?parent=99920"}],"wp:term":[{"taxonomy":"category","embeddable":true,"href":"https:\/\/diariodigitalmx.com\/index.php\/wp-json\/wp\/v2\/categories?post=99920"},{"taxonomy":"post_tag","embeddable":true,"href":"https:\/\/diariodigitalmx.com\/index.php\/wp-json\/wp\/v2\/tags?post=99920"}],"curies":[{"name":"wp","href":"https:\/\/api.w.org\/{rel}","templated":true}]}}