{"id":99923,"date":"2023-06-15T17:47:54","date_gmt":"2023-06-15T22:47:54","guid":{"rendered":"http:\/\/diariodigitalmx.com\/?p=99923"},"modified":"2023-06-15T17:50:02","modified_gmt":"2023-06-15T22:50:02","slug":"aceptan-pequenos-del-gokay-reto-del-real-madrid","status":"publish","type":"post","link":"https:\/\/diariodigitalmx.com\/index.php\/2023\/06\/15\/aceptan-pequenos-del-gokay-reto-del-real-madrid\/","title":{"rendered":"Aceptan peque\u00f1os del GOKAY reto del Real Madrid"},"content":{"rendered":"\n<p><br>Por: Ra\u00fal E. Guevara Ortiz.- Con sus maletas cargadas de sue\u00f1os e ilusiones de verse nuevamente coronados como campeones, como lo hicieron en el 2022 en Colombia, los integrantes del equipo 2012 de los felinos regios del Gokay partir\u00e1n a Espa\u00f1a a partir de este 16 de junio para participar en la MADCup 2023 a celebrarse en la ciudad de Madrid del 23 al 28 junio.<\/p>\n\n\n\n<p>El evento catalogado como m\u00e1s grande de \u201cfutbol base de Espa\u00f1a\u201d y que tiene como misi\u00f3n la de vincular el deporte con la cultura, la educaci\u00f3n y los valores, en una de las capitales del f\u00fatbol mundial, contar\u00e1 con la participaci\u00f3n de m\u00e1s de 600 equipos y cerca 10 mil participantes de diferentes partes del mundo, los cuales al igual que el GOKAY ha recibido la invitaci\u00f3n directamente del equipo Real Madrid.<\/p>\n\n\n\n<figure class=\"wp-block-image size-large\"><img loading=\"lazy\" decoding=\"async\" width=\"1024\" height=\"682\" src=\"http:\/\/diariodigitalmx.com\/wp-content\/uploads\/2023\/06\/IMG_20230615_164658_306-1024x682.webp\" alt=\"\" class=\"wp-image-99927\" srcset=\"https:\/\/diariodigitalmx.com\/wp-content\/uploads\/2023\/06\/IMG_20230615_164658_306-1024x682.webp 1024w, https:\/\/diariodigitalmx.com\/wp-content\/uploads\/2023\/06\/IMG_20230615_164658_306-300x200.webp 300w, https:\/\/diariodigitalmx.com\/wp-content\/uploads\/2023\/06\/IMG_20230615_164658_306-768x511.webp 768w, https:\/\/diariodigitalmx.com\/wp-content\/uploads\/2023\/06\/IMG_20230615_164658_306.webp 1080w\" sizes=\"(max-width: 1024px) 100vw, 1024px\" \/><\/figure>\n\n\n\n<p>\u201cHemos recibido la invitaci\u00f3n en forma personal del equipo Real Madrid, la cual aceptamos y vamos acudir con un total de 14 integrantes del equipo de la categor\u00eda 2012, ya que participaremos dentro del grupo U11, acompa\u00f1ados del Director T\u00e9cnico, Juan Pedro Jalomo, un auxiliar y dos coordinadores, adem\u00e1s de un gran n\u00famero de padres de familia\u201d, coment\u00f3 H\u00e9ctor Ram\u00edrez, coordinador del Gokay infantil.<\/p>\n\n\n\n<figure class=\"wp-block-image size-large\"><img loading=\"lazy\" decoding=\"async\" width=\"1024\" height=\"682\" src=\"http:\/\/diariodigitalmx.com\/wp-content\/uploads\/2023\/06\/IMG_20230615_164658_359-1024x682.webp\" alt=\"\" class=\"wp-image-99929\" srcset=\"https:\/\/diariodigitalmx.com\/wp-content\/uploads\/2023\/06\/IMG_20230615_164658_359-1024x682.webp 1024w, https:\/\/diariodigitalmx.com\/wp-content\/uploads\/2023\/06\/IMG_20230615_164658_359-300x200.webp 300w, https:\/\/diariodigitalmx.com\/wp-content\/uploads\/2023\/06\/IMG_20230615_164658_359-768x511.webp 768w, https:\/\/diariodigitalmx.com\/wp-content\/uploads\/2023\/06\/IMG_20230615_164658_359.webp 1080w\" sizes=\"(max-width: 1024px) 100vw, 1024px\" \/><\/figure>\n\n\n\n<p>Con la confianza que les da el haber sido campeones de la Copa Colombia 2022, Copa Chivas y algunos torneos internacionales en Estados Unidos, el equipo de peque\u00f1os futbolistas se muestra seguro de realizar un gran representaci\u00f3n de su equipo y de nuestro pa\u00eds.<\/p>\n\n\n\n<p>\u201cNuestro primer rival el 23 junio ser\u00e1 un equipo de Venezuela, el segundo d\u00eda con uno de ah\u00ed de Espa\u00f1a y el tercer d\u00eda ser\u00e1 contra el propio Real Madrid, coment\u00f3 el coordinador de los felinos regios.<\/p>\n\n\n\n<figure class=\"wp-block-image size-large\"><img loading=\"lazy\" decoding=\"async\" width=\"1024\" height=\"682\" src=\"http:\/\/diariodigitalmx.com\/wp-content\/uploads\/2023\/06\/IMG_20230615_164658_426-1024x682.webp\" alt=\"\" class=\"wp-image-99931\" srcset=\"https:\/\/diariodigitalmx.com\/wp-content\/uploads\/2023\/06\/IMG_20230615_164658_426-1024x682.webp 1024w, https:\/\/diariodigitalmx.com\/wp-content\/uploads\/2023\/06\/IMG_20230615_164658_426-300x200.webp 300w, https:\/\/diariodigitalmx.com\/wp-content\/uploads\/2023\/06\/IMG_20230615_164658_426-768x511.webp 768w, https:\/\/diariodigitalmx.com\/wp-content\/uploads\/2023\/06\/IMG_20230615_164658_426.webp 1080w\" sizes=\"(max-width: 1024px) 100vw, 1024px\" \/><\/figure>\n\n\n\n<p>Previo a la salida de los peque\u00f1os gladiadores a su compromiso internacional, la tarde del mi\u00e9rcoles 14 de junio acudieron a la Iglesia de San Jer\u00f3nimo de Monterrey, donde luego de escuchar misa en su honor, fueron bendecidos para que fueran a su compromiso acompa\u00f1ados por integrante m\u00e1s, en forma espiritual, que los protegiera y apoye para lograr el \u00e9xito.<\/p>\n","protected":false},"excerpt":{"rendered":"<p>Por: Ra\u00fal E. Guevara Ortiz.- Con sus maletas cargadas de sue\u00f1os e ilusiones de verse nuevamente coronados como campeones, como lo hicieron en el 2022 en Colombia, los integrantes del equipo 2012 de los felinos regios del Gokay partir\u00e1n a Espa\u00f1a a partir de este 16 de junio para participar en la MADCup 2023 a [&hellip;]<\/p>\n","protected":false},"author":1,"featured_media":99925,"comment_status":"open","ping_status":"open","sticky":true,"template":"","format":"standard","meta":{"footnotes":""},"categories":[8,14],"tags":[],"_links":{"self":[{"href":"https:\/\/diariodigitalmx.com\/index.php\/wp-json\/wp\/v2\/posts\/99923"}],"collection":[{"href":"https:\/\/diariodigitalmx.com\/index.php\/wp-json\/wp\/v2\/posts"}],"about":[{"href":"https:\/\/diariodigitalmx.com\/index.php\/wp-json\/wp\/v2\/types\/post"}],"author":[{"embeddable":true,"href":"https:\/\/diariodigitalmx.com\/index.php\/wp-json\/wp\/v2\/users\/1"}],"replies":[{"embeddable":true,"href":"https:\/\/diariodigitalmx.com\/index.php\/wp-json\/wp\/v2\/comments?post=99923"}],"version-history":[{"count":4,"href":"https:\/\/diariodigitalmx.com\/index.php\/wp-json\/wp\/v2\/posts\/99923\/revisions"}],"predecessor-version":[{"id":99932,"href":"https:\/\/diariodigitalmx.com\/index.php\/wp-json\/wp\/v2\/posts\/99923\/revisions\/99932"}],"wp:featuredmedia":[{"embeddable":true,"href":"https:\/\/diariodigitalmx.com\/index.php\/wp-json\/wp\/v2\/media\/99925"}],"wp:attachment":[{"href":"https:\/\/diariodigitalmx.com\/index.php\/wp-json\/wp\/v2\/media?parent=99923"}],"wp:term":[{"taxonomy":"category","embeddable":true,"href":"https:\/\/diariodigitalmx.com\/index.php\/wp-json\/wp\/v2\/categories?post=99923"},{"taxonomy":"post_tag","embeddable":true,"href":"https:\/\/diariodigitalmx.com\/index.php\/wp-json\/wp\/v2\/tags?post=99923"}],"curies":[{"name":"wp","href":"https:\/\/api.w.org\/{rel}","templated":true}]}}