{"id":99946,"date":"2023-06-16T00:29:34","date_gmt":"2023-06-16T05:29:34","guid":{"rendered":"http:\/\/diariodigitalmx.com\/?p=99946"},"modified":"2023-06-16T14:33:10","modified_gmt":"2023-06-16T19:33:10","slug":"99946","status":"publish","type":"post","link":"https:\/\/diariodigitalmx.com\/index.php\/2023\/06\/16\/99946\/","title":{"rendered":"Ciudadanos de Doctor Arroyo toman las calles y protestan en contra del gobierno municipal"},"content":{"rendered":"\n<p>Por: Francisco J. Pe\u00f1a Medina<\/p>\n\n\n\n<pre class=\"wp-block-code\"><code>Decenas de ciudadanos de Doctor Arroyo decidieron alzar la voz y tomar las calles para protestar en contra de las autoridades municipales por favorecer con la entrega de apoyos sociales a colonias y ejidos identificados con el PRI, adem\u00e1s, llevaron su inconformidad hasta el Hospital General en donde denunciaron que existe desabasto de medicamentos. <\/code><\/pre>\n\n\n\n<p>Los manifestantes encabezados por Santos Garc\u00eda presidente de la Organizaci\u00f3n Laboral Campesina (OLC), como primera acci\u00f3n, irrumpieron en las instalaciones del Palacio Municipal en busca de sostener una reuni\u00f3n con el alcalde priista Juan Jos\u00e9 Vargas Rosales a fin de exigirle equidad en la asignaci\u00f3n de recursos p\u00fablicos entre los diversos sectores de la comunidad que conforman esta localidad enclavada en el sur de Nuevo Le\u00f3n.<\/p>\n\n\n\n<p>&#8220;\u00a1Que salga el alcalde, que salga a dar la cara!&#8221;, gritaban molestos los inconformes ante el rostro angustiado de Jos\u00e9 Cura \u00c1lvarez, Secretario Particular del edil que confundido y mostrando una sonrisa nerviosa no pudo justificar la ausencia de Vargas Rosales quien supuestamente abandon\u00f3 su oficina al enterarse de los actos de protesta.<\/p>\n\n\n\n<figure class=\"wp-block-image size-large\"><img loading=\"lazy\" decoding=\"async\" width=\"1024\" height=\"1024\" src=\"http:\/\/diariodigitalmx.com\/wp-content\/uploads\/2023\/06\/IMG-20230615-WA0092-1024x1024.jpg\" alt=\"\" class=\"wp-image-99950\" srcset=\"https:\/\/diariodigitalmx.com\/wp-content\/uploads\/2023\/06\/IMG-20230615-WA0092-1024x1024.jpg 1024w, https:\/\/diariodigitalmx.com\/wp-content\/uploads\/2023\/06\/IMG-20230615-WA0092-300x300.jpg 300w, https:\/\/diariodigitalmx.com\/wp-content\/uploads\/2023\/06\/IMG-20230615-WA0092-150x150.jpg 150w, https:\/\/diariodigitalmx.com\/wp-content\/uploads\/2023\/06\/IMG-20230615-WA0092-768x768.jpg 768w, https:\/\/diariodigitalmx.com\/wp-content\/uploads\/2023\/06\/IMG-20230615-WA0092.jpg 1080w\" sizes=\"(max-width: 1024px) 100vw, 1024px\" \/><\/figure>\n\n\n\n<pre class=\"wp-block-code\"><code>\"\u00a1Si el ya sab\u00eda que ven\u00edamos \u00bfpara qu\u00e9 se va?\", exclam\u00f3 enojada una mujer\".\n\n\"\u00a1Estamos aqu\u00ed porque tenemos hambre!, los recursos que llegan al municipio nomas se los dan a unos cuantos pol\u00edticamente nos tienen marginados\", expres\u00f3 contrariado uno de los presentes. <\/code><\/pre>\n\n\n\n<p>&#8220;\u00a1Que venga Juan Eguia porque el es el mero due\u00f1o&#8221;, se\u00f1al\u00f3 sarc\u00e1stico otro hombre que particip\u00f3 en la manifestaci\u00f3n en referencia al ex alcalde y actual diputado Federal del PRI Juan Espinosa Eguia, yerno y protegido de Juan Paredes Gloria, considerado &#8220;el cacique mayor&#8221; de Doctor Arroyo seg\u00fan lo califican los pobladores del lugar.<\/p>\n\n\n\n<p>De ah\u00ed, el grupo de inconformes se traslad\u00f3 a las puertas del Hospital General de Doctor Arroyo y realizaron un plant\u00f3n para demandar el abastecimiento de medicinas que desde hace a\u00f1os sufren los pacientes que acuden a recibir atenci\u00f3n m\u00e9dica a ese nosocomio.<\/p>\n\n\n\n<p>Si deseas acceder al video de la protesta solo da clic en este link:<\/p>\n\n\n\n<figure class=\"wp-block-embed is-type-video is-provider-youtube wp-block-embed-youtube wp-embed-aspect-16-9 wp-has-aspect-ratio\"><div class=\"wp-block-embed__wrapper\">\nhttps:\/\/youtu.be\/LqR5Z7IAsTM\n<\/div><\/figure>\n","protected":false},"excerpt":{"rendered":"<p>Por: Francisco J. Pe\u00f1a Medina Los manifestantes encabezados por Santos Garc\u00eda presidente de la Organizaci\u00f3n Laboral Campesina (OLC), como primera acci\u00f3n, irrumpieron en las instalaciones del Palacio Municipal en busca de sostener una reuni\u00f3n con el alcalde priista Juan Jos\u00e9 Vargas Rosales a fin de exigirle equidad en la asignaci\u00f3n de recursos p\u00fablicos entre los [&hellip;]<\/p>\n","protected":false},"author":1,"featured_media":99948,"comment_status":"open","ping_status":"open","sticky":true,"template":"","format":"standard","meta":{"footnotes":""},"categories":[14,6],"tags":[],"_links":{"self":[{"href":"https:\/\/diariodigitalmx.com\/index.php\/wp-json\/wp\/v2\/posts\/99946"}],"collection":[{"href":"https:\/\/diariodigitalmx.com\/index.php\/wp-json\/wp\/v2\/posts"}],"about":[{"href":"https:\/\/diariodigitalmx.com\/index.php\/wp-json\/wp\/v2\/types\/post"}],"author":[{"embeddable":true,"href":"https:\/\/diariodigitalmx.com\/index.php\/wp-json\/wp\/v2\/users\/1"}],"replies":[{"embeddable":true,"href":"https:\/\/diariodigitalmx.com\/index.php\/wp-json\/wp\/v2\/comments?post=99946"}],"version-history":[{"count":4,"href":"https:\/\/diariodigitalmx.com\/index.php\/wp-json\/wp\/v2\/posts\/99946\/revisions"}],"predecessor-version":[{"id":99971,"href":"https:\/\/diariodigitalmx.com\/index.php\/wp-json\/wp\/v2\/posts\/99946\/revisions\/99971"}],"wp:featuredmedia":[{"embeddable":true,"href":"https:\/\/diariodigitalmx.com\/index.php\/wp-json\/wp\/v2\/media\/99948"}],"wp:attachment":[{"href":"https:\/\/diariodigitalmx.com\/index.php\/wp-json\/wp\/v2\/media?parent=99946"}],"wp:term":[{"taxonomy":"category","embeddable":true,"href":"https:\/\/diariodigitalmx.com\/index.php\/wp-json\/wp\/v2\/categories?post=99946"},{"taxonomy":"post_tag","embeddable":true,"href":"https:\/\/diariodigitalmx.com\/index.php\/wp-json\/wp\/v2\/tags?post=99946"}],"curies":[{"name":"wp","href":"https:\/\/api.w.org\/{rel}","templated":true}]}}