{"id":9995,"date":"2019-08-15T21:18:53","date_gmt":"2019-08-16T02:18:53","guid":{"rendered":"http:\/\/diariodigitalmx.com\/?p=9995"},"modified":"2019-08-15T21:18:54","modified_gmt":"2019-08-16T02:18:54","slug":"presenta-renuncia-hector-gutierrez-a-la-secretaria-de-organizacion-del-cen-del-pri","status":"publish","type":"post","link":"https:\/\/diariodigitalmx.com\/index.php\/2019\/08\/15\/presenta-renuncia-hector-gutierrez-a-la-secretaria-de-organizacion-del-cen-del-pri\/","title":{"rendered":"Presenta renuncia H\u00e9ctor Guti\u00e9rrez a la Secretar\u00eda de Organizaci\u00f3n del CEN del PRI"},"content":{"rendered":"\n<p><br>El regiomontano H\u00e9ctor Guti\u00e9rrez de la Garza se separ\u00f3 de su cargo como Secretario de Organizaci\u00f3n del Comit\u00e9 Ejecutivo Nacional&nbsp; del Partido Revolucionario Institucional.<\/p>\n\n\n\n<p>\u201cCerramos un c\u00edrculo mas\u201d, expres\u00f3 Guti\u00e9rrez de la Garza en un video difundido mediante redes sociales esta ma\u00f1ana en el que se dice satisfecho de la labor que realiz\u00f3 en el cargo, al cual lleg\u00f3 el d\u00eda 31 de julio del a\u00f1o pasado.<\/p>\n\n\n\n<p>\u201cLa vida est\u00e1 llena de ciclos, mucho m\u00e1s la pol\u00edtica\u201d, comenta H\u00e9ctor al inicio del video, quien afirm\u00f3 que rinde&nbsp; cuentas y dice que la decisi\u00f3n obedece a que busca que Alejandro Moreno \u201cAlito\u201d, est\u00e9 en toda la libertad de integrar su equipo de trabajo.<\/p>\n\n\n\n<p>Par\u00e1 finalizar Agradeci\u00f3 a su equipo de trabajo y en especial a la Presidenta Claudia Ruiz Masieu, por la confianza y el apoyo brindado.<\/p>\n","protected":false},"excerpt":{"rendered":"<p>El regiomontano H\u00e9ctor Guti\u00e9rrez de la Garza se separ\u00f3 de su cargo como Secretario de Organizaci\u00f3n del Comit\u00e9 Ejecutivo Nacional&nbsp; del Partido Revolucionario Institucional. \u201cCerramos un c\u00edrculo mas\u201d, expres\u00f3 Guti\u00e9rrez de la Garza en un video difundido mediante redes sociales esta ma\u00f1ana en el que se dice satisfecho de la labor que realiz\u00f3 en el [&hellip;]<\/p>\n","protected":false},"author":1,"featured_media":9998,"comment_status":"open","ping_status":"open","sticky":true,"template":"","format":"standard","meta":{"footnotes":""},"categories":[2],"tags":[],"_links":{"self":[{"href":"https:\/\/diariodigitalmx.com\/index.php\/wp-json\/wp\/v2\/posts\/9995"}],"collection":[{"href":"https:\/\/diariodigitalmx.com\/index.php\/wp-json\/wp\/v2\/posts"}],"about":[{"href":"https:\/\/diariodigitalmx.com\/index.php\/wp-json\/wp\/v2\/types\/post"}],"author":[{"embeddable":true,"href":"https:\/\/diariodigitalmx.com\/index.php\/wp-json\/wp\/v2\/users\/1"}],"replies":[{"embeddable":true,"href":"https:\/\/diariodigitalmx.com\/index.php\/wp-json\/wp\/v2\/comments?post=9995"}],"version-history":[{"count":2,"href":"https:\/\/diariodigitalmx.com\/index.php\/wp-json\/wp\/v2\/posts\/9995\/revisions"}],"predecessor-version":[{"id":9997,"href":"https:\/\/diariodigitalmx.com\/index.php\/wp-json\/wp\/v2\/posts\/9995\/revisions\/9997"}],"wp:featuredmedia":[{"embeddable":true,"href":"https:\/\/diariodigitalmx.com\/index.php\/wp-json\/wp\/v2\/media\/9998"}],"wp:attachment":[{"href":"https:\/\/diariodigitalmx.com\/index.php\/wp-json\/wp\/v2\/media?parent=9995"}],"wp:term":[{"taxonomy":"category","embeddable":true,"href":"https:\/\/diariodigitalmx.com\/index.php\/wp-json\/wp\/v2\/categories?post=9995"},{"taxonomy":"post_tag","embeddable":true,"href":"https:\/\/diariodigitalmx.com\/index.php\/wp-json\/wp\/v2\/tags?post=9995"}],"curies":[{"name":"wp","href":"https:\/\/api.w.org\/{rel}","templated":true}]}}