{"id":99975,"date":"2023-06-16T17:33:23","date_gmt":"2023-06-16T22:33:23","guid":{"rendered":"http:\/\/diariodigitalmx.com\/?p=99975"},"modified":"2023-06-16T17:38:41","modified_gmt":"2023-06-16T22:38:41","slug":"culmina-en-nl-primera-clinica-femenil-de-la-fundacion-real-madrid","status":"publish","type":"post","link":"https:\/\/diariodigitalmx.com\/index.php\/2023\/06\/16\/culmina-en-nl-primera-clinica-femenil-de-la-fundacion-real-madrid\/","title":{"rendered":"Culmina en NL primera Cl\u00ednica Femenil de la Fundaci\u00f3n Real Madrid"},"content":{"rendered":"\n<p>\u25cf Del 12 al 16 de junio, las 125 seleccionadas de 19 Centros Comunitarios aprendieron t\u00e9cnicas futbol\u00edsticas de la mano de los entrenadores del Real Madrid y el fortalecimiento de valores como el respeto y el compa\u00f1erismo a trav\u00e9s de la pr\u00e1ctica del f\u00fatbol<\/p>\n\n\n\n<p>Tras cinco d\u00edas de entrenamiento, aprendizaje y reforzamiento de valores, las 125 ni\u00f1as y j\u00f3venes de los Centros Comunitarios de la Secretar\u00eda de Igualdad e Inclusi\u00f3n concluyeron con \u00e9xito la primera Cl\u00ednica de Futbol Femenil de la Fundaci\u00f3n Real Madrid.<\/p>\n\n\n\n<p>En el Macrocentro Comunitario San Bernab\u00e9, la Secretaria de Igualdad e Inclusi\u00f3n, Martha Herrera, agradeci\u00f3 el compromiso de la Fundaci\u00f3n Real Madrid en favor del deporte y la inclusi\u00f3n social, as\u00ed como el de las empresas participantes.<\/p>\n\n\n\n<figure class=\"wp-block-image size-large\"><img loading=\"lazy\" decoding=\"async\" width=\"1024\" height=\"683\" src=\"http:\/\/diariodigitalmx.com\/wp-content\/uploads\/2023\/06\/IMG_20230616_163106_944-1024x683.webp\" alt=\"\" class=\"wp-image-99980\" srcset=\"https:\/\/diariodigitalmx.com\/wp-content\/uploads\/2023\/06\/IMG_20230616_163106_944-1024x683.webp 1024w, https:\/\/diariodigitalmx.com\/wp-content\/uploads\/2023\/06\/IMG_20230616_163106_944-300x200.webp 300w, https:\/\/diariodigitalmx.com\/wp-content\/uploads\/2023\/06\/IMG_20230616_163106_944-768x512.webp 768w, https:\/\/diariodigitalmx.com\/wp-content\/uploads\/2023\/06\/IMG_20230616_163106_944.webp 1080w\" sizes=\"(max-width: 1024px) 100vw, 1024px\" \/><\/figure>\n\n\n\n<p>\u201cEstas cl\u00ednicas son hist\u00f3ricas porque es la primera vez que tenemos a un grupo tan nutrido en una cl\u00ednica del Real Madrid femenil a nivel mundial\u201d, mencion\u00f3 la funcionaria estatal.<\/p>\n\n\n\n<figure class=\"wp-block-image size-large\"><img loading=\"lazy\" decoding=\"async\" width=\"1024\" height=\"683\" src=\"http:\/\/diariodigitalmx.com\/wp-content\/uploads\/2023\/06\/IMG_20230616_163106_891-1024x683.webp\" alt=\"\" class=\"wp-image-99982\" srcset=\"https:\/\/diariodigitalmx.com\/wp-content\/uploads\/2023\/06\/IMG_20230616_163106_891-1024x683.webp 1024w, https:\/\/diariodigitalmx.com\/wp-content\/uploads\/2023\/06\/IMG_20230616_163106_891-300x200.webp 300w, https:\/\/diariodigitalmx.com\/wp-content\/uploads\/2023\/06\/IMG_20230616_163106_891-768x512.webp 768w, https:\/\/diariodigitalmx.com\/wp-content\/uploads\/2023\/06\/IMG_20230616_163106_891.webp 1080w\" sizes=\"(max-width: 1024px) 100vw, 1024px\" \/><\/figure>\n\n\n\n<p>\u201cEs una experiencia de vida, en donde aprendemos a respetarnos, a jugar en equipo, aprendemos valores y sobre todo aprendemos m\u00e1s de nuestra esta t\u00e9cnica en esta gran disciplina del deporte, del f\u00fatbol\u201d.<\/p>\n\n\n\n<p>Andr\u00e9s Muntaner, director de campus y cl\u00ednica de la Fundaci\u00f3n Real Madrid destac\u00f3 que las cl\u00ednicas buscan fomentar los valores inherentes al deporte como su principal activo, para favorecer la educaci\u00f3n integral de la infancia y la juventud.<\/p>\n\n\n\n<figure class=\"wp-block-image size-large\"><img loading=\"lazy\" decoding=\"async\" width=\"1024\" height=\"683\" src=\"http:\/\/diariodigitalmx.com\/wp-content\/uploads\/2023\/06\/IMG-20230616-WA0068-1024x683.jpg\" alt=\"\" class=\"wp-image-99985\" srcset=\"https:\/\/diariodigitalmx.com\/wp-content\/uploads\/2023\/06\/IMG-20230616-WA0068-1024x683.jpg 1024w, https:\/\/diariodigitalmx.com\/wp-content\/uploads\/2023\/06\/IMG-20230616-WA0068-300x200.jpg 300w, https:\/\/diariodigitalmx.com\/wp-content\/uploads\/2023\/06\/IMG-20230616-WA0068-768x512.jpg 768w, https:\/\/diariodigitalmx.com\/wp-content\/uploads\/2023\/06\/IMG-20230616-WA0068.jpg 1500w\" sizes=\"(max-width: 1024px) 100vw, 1024px\" \/><\/figure>\n\n\n\n<p>\u201cLa Fundaci\u00f3n Real Madrid y el Real Madrid entiende el deporte, el f\u00fatbol como una herramienta de educaci\u00f3n, de integraci\u00f3n y palanca de cambio, verlos empoderados y ayudado a crecer un poco\u201d.<\/p>\n\n\n\n<p>\u201cAgradecer esa educaci\u00f3n, esa implicaci\u00f3n que sin duda gracias a la labor de la Secretar\u00eda durante todos los meses en lo que estuvimos en los Centros Comunitarios se traslada, para la Fundaci\u00f3n Real Madrid y para el Real Madrid es un hito hist\u00f3rico esta primera cl\u00ednica femenil, 125 ni\u00f1as jugando, entreteniendo y aprendiendo\u201d.<\/p>\n\n\n\n<figure class=\"wp-block-image size-large\"><img loading=\"lazy\" decoding=\"async\" width=\"1024\" height=\"683\" src=\"http:\/\/diariodigitalmx.com\/wp-content\/uploads\/2023\/06\/IMG_20230616_163106_691-1024x683.webp\" alt=\"\" class=\"wp-image-99987\" srcset=\"https:\/\/diariodigitalmx.com\/wp-content\/uploads\/2023\/06\/IMG_20230616_163106_691-1024x683.webp 1024w, https:\/\/diariodigitalmx.com\/wp-content\/uploads\/2023\/06\/IMG_20230616_163106_691-300x200.webp 300w, https:\/\/diariodigitalmx.com\/wp-content\/uploads\/2023\/06\/IMG_20230616_163106_691-768x512.webp 768w, https:\/\/diariodigitalmx.com\/wp-content\/uploads\/2023\/06\/IMG_20230616_163106_691.webp 1080w\" sizes=\"(max-width: 1024px) 100vw, 1024px\" \/><\/figure>\n\n\n\n<p>La Cl\u00ednica Deportiva se realiz\u00f3 gracias al apoyo de la empresa CSD y Brmatters, operadores de las cl\u00ednicas de la Fundaci\u00f3n Real Madrid en M\u00e9xico, con el apoyo de la Secretar\u00eda de Igualdad e Inclusi\u00f3n y sus patrocinadores Value, Comex y HEB.<\/p>\n\n\n\n<p>En el evento estuvieron presentes \u00c1ngel Rodr\u00edguez, de CSD, operador oficial de la Fundaci\u00f3n Real Madrid en M\u00e9xico y los entrenadores Jorge Ramos y V\u00edctor Vallejo, provenientes de Valdebebas, Madrid.<\/p>\n","protected":false},"excerpt":{"rendered":"<p>\u25cf Del 12 al 16 de junio, las 125 seleccionadas de 19 Centros Comunitarios aprendieron t\u00e9cnicas futbol\u00edsticas de la mano de los entrenadores del Real Madrid y el fortalecimiento de valores como el respeto y el compa\u00f1erismo a trav\u00e9s de la pr\u00e1ctica del f\u00fatbol Tras cinco d\u00edas de entrenamiento, aprendizaje y reforzamiento de valores, las [&hellip;]<\/p>\n","protected":false},"author":1,"featured_media":99977,"comment_status":"open","ping_status":"open","sticky":true,"template":"","format":"standard","meta":{"footnotes":""},"categories":[8,5],"tags":[],"_links":{"self":[{"href":"https:\/\/diariodigitalmx.com\/index.php\/wp-json\/wp\/v2\/posts\/99975"}],"collection":[{"href":"https:\/\/diariodigitalmx.com\/index.php\/wp-json\/wp\/v2\/posts"}],"about":[{"href":"https:\/\/diariodigitalmx.com\/index.php\/wp-json\/wp\/v2\/types\/post"}],"author":[{"embeddable":true,"href":"https:\/\/diariodigitalmx.com\/index.php\/wp-json\/wp\/v2\/users\/1"}],"replies":[{"embeddable":true,"href":"https:\/\/diariodigitalmx.com\/index.php\/wp-json\/wp\/v2\/comments?post=99975"}],"version-history":[{"count":6,"href":"https:\/\/diariodigitalmx.com\/index.php\/wp-json\/wp\/v2\/posts\/99975\/revisions"}],"predecessor-version":[{"id":99988,"href":"https:\/\/diariodigitalmx.com\/index.php\/wp-json\/wp\/v2\/posts\/99975\/revisions\/99988"}],"wp:featuredmedia":[{"embeddable":true,"href":"https:\/\/diariodigitalmx.com\/index.php\/wp-json\/wp\/v2\/media\/99977"}],"wp:attachment":[{"href":"https:\/\/diariodigitalmx.com\/index.php\/wp-json\/wp\/v2\/media?parent=99975"}],"wp:term":[{"taxonomy":"category","embeddable":true,"href":"https:\/\/diariodigitalmx.com\/index.php\/wp-json\/wp\/v2\/categories?post=99975"},{"taxonomy":"post_tag","embeddable":true,"href":"https:\/\/diariodigitalmx.com\/index.php\/wp-json\/wp\/v2\/tags?post=99975"}],"curies":[{"name":"wp","href":"https:\/\/api.w.org\/{rel}","templated":true}]}}