{"id":99989,"date":"2023-06-16T17:51:59","date_gmt":"2023-06-16T22:51:59","guid":{"rendered":"http:\/\/diariodigitalmx.com\/?p=99989"},"modified":"2023-06-16T17:53:44","modified_gmt":"2023-06-16T22:53:44","slug":"son-los-dynamo-los-mejores-juvenilesdel-futbol-rapido-de-la-liga-casabella","status":"publish","type":"post","link":"https:\/\/diariodigitalmx.com\/index.php\/2023\/06\/16\/son-los-dynamo-los-mejores-juvenilesdel-futbol-rapido-de-la-liga-casabella\/","title":{"rendered":"Son los Dynamo los mejores juveniles<br>del f\u00fatbol r\u00e1pido de la Liga CasaBella"},"content":{"rendered":"\n<p><br>Por: Ra\u00fal E. Guevara Ortiz.-Ejerciendo el control del partido desde su inicio a trav\u00e9s de veloces jugadas a lo largo y ancho del sint\u00e9tico de juego, el equipo del Dynamo se coron\u00f3 como campe\u00f3n de la categor\u00eda juvenil de 16 y 17 a\u00f1os de la Liga CasaBella al imponerse por marcador de 5 goles a tres al equipo del PMR Fuels.<\/p>\n\n\n\n<p>El partido dio comienzo con un agresivo Dynamo, quien probando punter\u00eda con potentes ca\u00f1onazos desde afuera del \u00e1rea rival, logr\u00f3 ponerse al frente con un par de anotaciones de su delantero playera n\u00famero 70, Marcelo Alcocer quien puso 2-0 adelante a su equipo en las acciones del primer cuarto, encontrando la respuesta de Mario Toscano del PMR Fuels al finalizar el segundo periodo con 2-1.<\/p>\n\n\n\n<figure class=\"wp-block-image size-large\"><img loading=\"lazy\" decoding=\"async\" width=\"1024\" height=\"683\" src=\"http:\/\/diariodigitalmx.com\/wp-content\/uploads\/2023\/06\/IMG_20230616_164942_231-1024x683.webp\" alt=\"\" class=\"wp-image-99992\" srcset=\"https:\/\/diariodigitalmx.com\/wp-content\/uploads\/2023\/06\/IMG_20230616_164942_231-1024x683.webp 1024w, https:\/\/diariodigitalmx.com\/wp-content\/uploads\/2023\/06\/IMG_20230616_164942_231-300x200.webp 300w, https:\/\/diariodigitalmx.com\/wp-content\/uploads\/2023\/06\/IMG_20230616_164942_231-768x512.webp 768w, https:\/\/diariodigitalmx.com\/wp-content\/uploads\/2023\/06\/IMG_20230616_164942_231.webp 1080w\" sizes=\"(max-width: 1024px) 100vw, 1024px\" \/><\/figure>\n\n\n\n<p>La fuerza de los juveniles PMR se dej\u00f3 sentir al comienzo del tercer cuarto, cuando Jonathan V\u00e1zquez logr\u00f3 el empate de 2-2 para su causa, pero una sexta falta de su equipo dio de nueva cuenta la ventaja de 3-2 a los del Dynamo a trav\u00e9s de Emiliano Valdez<\/p>\n\n\n\n<figure class=\"wp-block-gallery has-nested-images columns-default is-cropped wp-block-gallery-1 is-layout-flex wp-block-gallery-is-layout-flex\">\n<figure class=\"wp-block-image size-large\"><img loading=\"lazy\" decoding=\"async\" width=\"1024\" height=\"1024\" data-id=\"99995\" src=\"http:\/\/diariodigitalmx.com\/wp-content\/uploads\/2023\/06\/IMG_20230616_164942_281-1024x1024.webp\" alt=\"\" class=\"wp-image-99995\" srcset=\"https:\/\/diariodigitalmx.com\/wp-content\/uploads\/2023\/06\/IMG_20230616_164942_281-1024x1024.webp 1024w, https:\/\/diariodigitalmx.com\/wp-content\/uploads\/2023\/06\/IMG_20230616_164942_281-300x300.webp 300w, https:\/\/diariodigitalmx.com\/wp-content\/uploads\/2023\/06\/IMG_20230616_164942_281-150x150.webp 150w, https:\/\/diariodigitalmx.com\/wp-content\/uploads\/2023\/06\/IMG_20230616_164942_281-768x768.webp 768w, https:\/\/diariodigitalmx.com\/wp-content\/uploads\/2023\/06\/IMG_20230616_164942_281.webp 1080w\" sizes=\"(max-width: 1024px) 100vw, 1024px\" \/><\/figure>\n\n\n\n<figure class=\"wp-block-image size-large\"><img loading=\"lazy\" decoding=\"async\" width=\"1024\" height=\"683\" data-id=\"99996\" src=\"http:\/\/diariodigitalmx.com\/wp-content\/uploads\/2023\/06\/IMG_20230616_164942_635-1024x683.webp\" alt=\"\" class=\"wp-image-99996\" srcset=\"https:\/\/diariodigitalmx.com\/wp-content\/uploads\/2023\/06\/IMG_20230616_164942_635-1024x683.webp 1024w, https:\/\/diariodigitalmx.com\/wp-content\/uploads\/2023\/06\/IMG_20230616_164942_635-300x200.webp 300w, https:\/\/diariodigitalmx.com\/wp-content\/uploads\/2023\/06\/IMG_20230616_164942_635-768x512.webp 768w, https:\/\/diariodigitalmx.com\/wp-content\/uploads\/2023\/06\/IMG_20230616_164942_635.webp 1080w\" sizes=\"(max-width: 1024px) 100vw, 1024px\" \/><\/figure>\n<\/figure>\n\n\n\n<p>Un potente tiro libre de Mario Toscano daba alcance ahora con el 3-3 a los PMR, pero Emiliano V\u00e1zquez respondi\u00f3 en el ir venir de las acciones con el 4-3 del Dynamo y la ejecuci\u00f3n de un tiro penal por mano dentro del \u00e1rea Marcelo Alcocer le puso n\u00famero final de 5-3 para la obtenci\u00f3n del t\u00edtulo juvenil.<\/p>\n","protected":false},"excerpt":{"rendered":"<p>Por: Ra\u00fal E. Guevara Ortiz.-Ejerciendo el control del partido desde su inicio a trav\u00e9s de veloces jugadas a lo largo y ancho del sint\u00e9tico de juego, el equipo del Dynamo se coron\u00f3 como campe\u00f3n de la categor\u00eda juvenil de 16 y 17 a\u00f1os de la Liga CasaBella al imponerse por marcador de 5 goles a [&hellip;]<\/p>\n","protected":false},"author":1,"featured_media":99991,"comment_status":"open","ping_status":"open","sticky":true,"template":"","format":"standard","meta":{"footnotes":""},"categories":[8,14],"tags":[],"_links":{"self":[{"href":"https:\/\/diariodigitalmx.com\/index.php\/wp-json\/wp\/v2\/posts\/99989"}],"collection":[{"href":"https:\/\/diariodigitalmx.com\/index.php\/wp-json\/wp\/v2\/posts"}],"about":[{"href":"https:\/\/diariodigitalmx.com\/index.php\/wp-json\/wp\/v2\/types\/post"}],"author":[{"embeddable":true,"href":"https:\/\/diariodigitalmx.com\/index.php\/wp-json\/wp\/v2\/users\/1"}],"replies":[{"embeddable":true,"href":"https:\/\/diariodigitalmx.com\/index.php\/wp-json\/wp\/v2\/comments?post=99989"}],"version-history":[{"count":3,"href":"https:\/\/diariodigitalmx.com\/index.php\/wp-json\/wp\/v2\/posts\/99989\/revisions"}],"predecessor-version":[{"id":99997,"href":"https:\/\/diariodigitalmx.com\/index.php\/wp-json\/wp\/v2\/posts\/99989\/revisions\/99997"}],"wp:featuredmedia":[{"embeddable":true,"href":"https:\/\/diariodigitalmx.com\/index.php\/wp-json\/wp\/v2\/media\/99991"}],"wp:attachment":[{"href":"https:\/\/diariodigitalmx.com\/index.php\/wp-json\/wp\/v2\/media?parent=99989"}],"wp:term":[{"taxonomy":"category","embeddable":true,"href":"https:\/\/diariodigitalmx.com\/index.php\/wp-json\/wp\/v2\/categories?post=99989"},{"taxonomy":"post_tag","embeddable":true,"href":"https:\/\/diariodigitalmx.com\/index.php\/wp-json\/wp\/v2\/tags?post=99989"}],"curies":[{"name":"wp","href":"https:\/\/api.w.org\/{rel}","templated":true}]}}